
{"id":87830,"date":"2020-06-24T21:22:44","date_gmt":"2020-06-25T00:22:44","guid":{"rendered":"https:\/\/www.sudoestehoje.com.br\/novoportal\/?p=87830"},"modified":"2020-06-28T21:08:27","modified_gmt":"2020-06-29T00:08:27","slug":"itororo-primeira-dama-faz-festa-junina-e-causa-revolta-nos-moradores","status":"publish","type":"post","link":"https:\/\/www.sudoestehoje.com.br\/novoportal\/2020\/06\/24\/itororo-primeira-dama-faz-festa-junina-e-causa-revolta-nos-moradores\/","title":{"rendered":"ITOROR\u00d3: PRIMEIRA DAMA FAZ FESTA JUNINA E CAUSA REVOLTA NOS MORADORES"},"content":{"rendered":"<p><a href=\"https:\/\/www.sudoestehoje.com.br\/novoportal\/wp-content\/uploads\/2020\/06\/festa-itoror\u00f3-2.jpeg\"><img loading=\"lazy\" decoding=\"async\" class=\"aligncenter size-medium wp-image-87832\" src=\"https:\/\/www.sudoestehoje.com.br\/novoportal\/wp-content\/uploads\/2020\/06\/festa-itoror\u00f3-2-500x262.jpeg\" alt=\"\" width=\"500\" height=\"262\" srcset=\"https:\/\/www.sudoestehoje.com.br\/novoportal\/wp-content\/uploads\/2020\/06\/festa-itoror\u00f3-2-500x262.jpeg 500w, https:\/\/www.sudoestehoje.com.br\/novoportal\/wp-content\/uploads\/2020\/06\/festa-itoror\u00f3-2.jpeg 657w\" sizes=\"auto, (max-width: 500px) 100vw, 500px\" \/><\/a><\/p>\n<p>A primeira dama e secret\u00e1ria de educa\u00e7\u00e3o do munic\u00edpio de Itoror\u00f3, Cl\u00e1udia Regina, realizou uma festa de confraterniza\u00e7\u00e3o, com tema junino, ontem 23\/06, em uma escola da rede particular, de sua propriedade.<\/p>\n<p>O evento contou com relativo n\u00famero de pessoas e causou murm\u00farios na comunidade itororoense, que est\u00e1 at\u00f4nita com o aumento do n\u00famero de casos de infectados por Covid-19, na Cidade.<\/p>\n<p><a href=\"https:\/\/www.sudoestehoje.com.br\/novoportal\/wp-content\/uploads\/2020\/06\/festa-Itoror\u00f3-1.jpeg\"><img loading=\"lazy\" decoding=\"async\" class=\"aligncenter size-medium wp-image-87831\" src=\"https:\/\/www.sudoestehoje.com.br\/novoportal\/wp-content\/uploads\/2020\/06\/festa-Itoror\u00f3-1-500x247.jpeg\" alt=\"\" width=\"500\" height=\"247\" srcset=\"https:\/\/www.sudoestehoje.com.br\/novoportal\/wp-content\/uploads\/2020\/06\/festa-Itoror\u00f3-1-500x247.jpeg 500w, https:\/\/www.sudoestehoje.com.br\/novoportal\/wp-content\/uploads\/2020\/06\/festa-Itoror\u00f3-1.jpeg 613w\" sizes=\"auto, (max-width: 500px) 100vw, 500px\" \/><\/a><\/p>\n<p>Segundo alguns moradores \u201c\u00e9 um mal exemplo\u201d a atitude da esposa do prefeito.<\/p>\n<p>Embora todos estivessem usando m\u00e1scaras, de fato n\u00e3o \u00e9 o que se podia esperar da esposa do prefeito, quando todos est\u00e3o sendo a recomendados a ficarem em casa.<\/p>\n<p><a href=\"https:\/\/www.sudoestehoje.com.br\/novoportal\/wp-content\/uploads\/2020\/06\/festa-itoror\u00f3-3.jpeg\"><img loading=\"lazy\" decoding=\"async\" class=\"aligncenter size-medium wp-image-87833\" src=\"https:\/\/www.sudoestehoje.com.br\/novoportal\/wp-content\/uploads\/2020\/06\/festa-itoror\u00f3-3-500x440.jpeg\" alt=\"\" width=\"500\" height=\"440\" srcset=\"https:\/\/www.sudoestehoje.com.br\/novoportal\/wp-content\/uploads\/2020\/06\/festa-itoror\u00f3-3-500x440.jpeg 500w, https:\/\/www.sudoestehoje.com.br\/novoportal\/wp-content\/uploads\/2020\/06\/festa-itoror\u00f3-3-700x615.jpeg 700w, https:\/\/www.sudoestehoje.com.br\/novoportal\/wp-content\/uploads\/2020\/06\/festa-itoror\u00f3-3.jpeg 720w\" sizes=\"auto, (max-width: 500px) 100vw, 500px\" \/><\/a><\/p>\n<p>O forrobod\u00f3 \u201cpanhou\u201d na alta, inclusive com quadrilha e o tradicional \u201ccasamento na ro\u00e7a\u201d.<\/p>\n<p>Resta saber se o chefe do executivo municipal ir\u00e1 punir os \u201ccontraventores\u201d\u2026<\/p>\n<p>Viva S\u00e3o Jo\u00e3o\u2026<\/p>\n<p><em>Por Maur\u00edcio Gomes\/ Blog Fala Meu Ilustre<\/em><\/p>\n","protected":false},"excerpt":{"rendered":"<p>A primeira dama e secret\u00e1ria de educa\u00e7\u00e3o do munic\u00edpio de Itoror\u00f3, Cl\u00e1udia Regina, realizou uma festa de confraterniza\u00e7\u00e3o, com tema junino, ontem 23\/06, em uma escola da rede particular, de sua propriedade. O evento contou com relativo n\u00famero de pessoas e causou murm\u00farios na comunidade itororoense, que est\u00e1 at\u00f4nita com o aumento do n\u00famero de [&hellip;]<\/p>\n","protected":false},"author":2,"featured_media":87831,"comment_status":"closed","ping_status":"open","sticky":false,"template":"","format":"standard","meta":{"footnotes":"","_links_to":"","_links_to_target":""},"categories":[1],"tags":[],"class_list":["post-87830","post","type-post","status-publish","format-standard","has-post-thumbnail","hentry","category-geral"],"views":5022,"_links":{"self":[{"href":"https:\/\/www.sudoestehoje.com.br\/novoportal\/wp-json\/wp\/v2\/posts\/87830","targetHints":{"allow":["GET"]}}],"collection":[{"href":"https:\/\/www.sudoestehoje.com.br\/novoportal\/wp-json\/wp\/v2\/posts"}],"about":[{"href":"https:\/\/www.sudoestehoje.com.br\/novoportal\/wp-json\/wp\/v2\/types\/post"}],"author":[{"embeddable":true,"href":"https:\/\/www.sudoestehoje.com.br\/novoportal\/wp-json\/wp\/v2\/users\/2"}],"replies":[{"embeddable":true,"href":"https:\/\/www.sudoestehoje.com.br\/novoportal\/wp-json\/wp\/v2\/comments?post=87830"}],"version-history":[{"count":1,"href":"https:\/\/www.sudoestehoje.com.br\/novoportal\/wp-json\/wp\/v2\/posts\/87830\/revisions"}],"predecessor-version":[{"id":87834,"href":"https:\/\/www.sudoestehoje.com.br\/novoportal\/wp-json\/wp\/v2\/posts\/87830\/revisions\/87834"}],"wp:featuredmedia":[{"embeddable":true,"href":"https:\/\/www.sudoestehoje.com.br\/novoportal\/wp-json\/wp\/v2\/media\/87831"}],"wp:attachment":[{"href":"https:\/\/www.sudoestehoje.com.br\/novoportal\/wp-json\/wp\/v2\/media?parent=87830"}],"wp:term":[{"taxonomy":"category","embeddable":true,"href":"https:\/\/www.sudoestehoje.com.br\/novoportal\/wp-json\/wp\/v2\/categories?post=87830"},{"taxonomy":"post_tag","embeddable":true,"href":"https:\/\/www.sudoestehoje.com.br\/novoportal\/wp-json\/wp\/v2\/tags?post=87830"}],"curies":[{"name":"wp","href":"https:\/\/api.w.org\/{rel}","templated":true}]}}