
{"id":87826,"date":"2020-06-24T20:58:30","date_gmt":"2020-06-24T23:58:30","guid":{"rendered":"https:\/\/www.sudoestehoje.com.br\/novoportal\/?p=87826"},"modified":"2020-06-24T21:03:59","modified_gmt":"2020-06-25T00:03:59","slug":"iguai-chega-a-172-casos-de-coronavirus","status":"publish","type":"post","link":"https:\/\/www.sudoestehoje.com.br\/novoportal\/2020\/06\/24\/iguai-chega-a-172-casos-de-coronavirus\/","title":{"rendered":"IGUA\u00cd CHEGA A 172 CASOS DE CORONAV\u00cdRUS"},"content":{"rendered":"<p><a href=\"https:\/\/www.sudoestehoje.com.br\/novoportal\/wp-content\/uploads\/2020\/06\/igua\u00ed-172.jpg\"><img loading=\"lazy\" decoding=\"async\" class=\"aligncenter size-medium wp-image-87827\" src=\"https:\/\/www.sudoestehoje.com.br\/novoportal\/wp-content\/uploads\/2020\/06\/igua\u00ed-172-500x384.jpg\" alt=\"\" width=\"500\" height=\"384\" srcset=\"https:\/\/www.sudoestehoje.com.br\/novoportal\/wp-content\/uploads\/2020\/06\/igua\u00ed-172-500x384.jpg 500w, https:\/\/www.sudoestehoje.com.br\/novoportal\/wp-content\/uploads\/2020\/06\/igua\u00ed-172-700x537.jpg 700w, https:\/\/www.sudoestehoje.com.br\/novoportal\/wp-content\/uploads\/2020\/06\/igua\u00ed-172-768x590.jpg 768w, https:\/\/www.sudoestehoje.com.br\/novoportal\/wp-content\/uploads\/2020\/06\/igua\u00ed-172.jpg 960w\" sizes=\"auto, (max-width: 500px) 100vw, 500px\" \/><\/a><\/p>\n<p>O munic\u00edpio de Igua\u00ed registrou, nesta quarta-feira (24), o n\u00famero recorde da Covid-19 no m\u00e9dio sudoeste, com 172 casos confirmados e 4 \u00f3bitos.<\/p>\n<p>O crescimento da Covid-19 na Bahia continua em alta e hoje o estado registrou quase 3 mil casos da doen\u00e7a.<\/p>\n<p>Nas cidades do interior, a incid\u00eancia do novo v\u00edrus ganhou propor\u00e7\u00f5es desesperadoras e os prefeitos t\u00eam se queixado da falta de apoio do governo estadual.<\/p>\n<p><em>&#8220;Agora \u00e9 cada um por si, e seja o que Deus quiser&#8221;<\/em>, disse ao <strong>Sudoeste Hoje<\/strong> um prefeito da base governista, que n\u00e3o quis se identificar.<\/p>\n<p><strong><em>Por Davi Ferraz<\/em><\/strong><\/p>\n","protected":false},"excerpt":{"rendered":"<p>O munic\u00edpio de Igua\u00ed registrou, nesta quarta-feira (24), o n\u00famero recorde da Covid-19 no m\u00e9dio sudoeste, com 172 casos confirmados e 4 \u00f3bitos. O crescimento da Covid-19 na Bahia continua em alta e hoje o estado registrou quase 3 mil casos da doen\u00e7a. Nas cidades do interior, a incid\u00eancia do novo v\u00edrus ganhou propor\u00e7\u00f5es desesperadoras [&hellip;]<\/p>\n","protected":false},"author":2,"featured_media":87827,"comment_status":"open","ping_status":"open","sticky":false,"template":"","format":"standard","meta":{"footnotes":"","_links_to":"","_links_to_target":""},"categories":[1],"tags":[],"class_list":["post-87826","post","type-post","status-publish","format-standard","has-post-thumbnail","hentry","category-geral"],"views":860,"_links":{"self":[{"href":"https:\/\/www.sudoestehoje.com.br\/novoportal\/wp-json\/wp\/v2\/posts\/87826","targetHints":{"allow":["GET"]}}],"collection":[{"href":"https:\/\/www.sudoestehoje.com.br\/novoportal\/wp-json\/wp\/v2\/posts"}],"about":[{"href":"https:\/\/www.sudoestehoje.com.br\/novoportal\/wp-json\/wp\/v2\/types\/post"}],"author":[{"embeddable":true,"href":"https:\/\/www.sudoestehoje.com.br\/novoportal\/wp-json\/wp\/v2\/users\/2"}],"replies":[{"embeddable":true,"href":"https:\/\/www.sudoestehoje.com.br\/novoportal\/wp-json\/wp\/v2\/comments?post=87826"}],"version-history":[{"count":2,"href":"https:\/\/www.sudoestehoje.com.br\/novoportal\/wp-json\/wp\/v2\/posts\/87826\/revisions"}],"predecessor-version":[{"id":87829,"href":"https:\/\/www.sudoestehoje.com.br\/novoportal\/wp-json\/wp\/v2\/posts\/87826\/revisions\/87829"}],"wp:featuredmedia":[{"embeddable":true,"href":"https:\/\/www.sudoestehoje.com.br\/novoportal\/wp-json\/wp\/v2\/media\/87827"}],"wp:attachment":[{"href":"https:\/\/www.sudoestehoje.com.br\/novoportal\/wp-json\/wp\/v2\/media?parent=87826"}],"wp:term":[{"taxonomy":"category","embeddable":true,"href":"https:\/\/www.sudoestehoje.com.br\/novoportal\/wp-json\/wp\/v2\/categories?post=87826"},{"taxonomy":"post_tag","embeddable":true,"href":"https:\/\/www.sudoestehoje.com.br\/novoportal\/wp-json\/wp\/v2\/tags?post=87826"}],"curies":[{"name":"wp","href":"https:\/\/api.w.org\/{rel}","templated":true}]}}