
{"id":8782,"date":"2011-09-16T12:28:36","date_gmt":"2011-09-16T15:28:36","guid":{"rendered":"http:\/\/www.sudoestehoje.com.br\/novoportal\/?p=8782"},"modified":"2011-09-16T12:28:36","modified_gmt":"2011-09-16T15:28:36","slug":"duas-bahias","status":"publish","type":"post","link":"https:\/\/www.sudoestehoje.com.br\/novoportal\/2011\/09\/16\/duas-bahias\/","title":{"rendered":"DUAS BAHIAS"},"content":{"rendered":"<p style=\"text-align: center;\"><img decoding=\"async\" class=\"aligncenter\" src=\"http:\/\/blogbahiageral.com.br\/home\/blog-bahia-geral%20Pobre%20ponto%20Sem.jpg\" alt=\"\" width=\"150\" \/><\/p>\n<p>O que fomos fazer na Assembl\u00e9ia Itinerante de Conquista? Ver os deputados medir for\u00e7as entre oposi\u00e7\u00e3o e\u00a0situa\u00e7\u00e3o? Reencontrar velhos amigos\u00a0e colocar as novidades em dia? Tentar descobrir quem ser\u00e3o os futuros candidatos a prefeito? E os projeto revelantes? Verdadeiros projetos para a regi\u00e3o, a exemplo da transforma\u00e7\u00e3o de Vit\u00f3ria da Conquista como Regi\u00e3o\u00a0 Metropolitana? \u00c9, realmente eu estava\u00a0certo. Nos parece que\u00a0Feira de Santana tem mais for\u00e7a do que a nossa sertaneja Conquista, e de fato existem\u00a0duas\u00a0Bahias! A Bahia da\u00a0capital e adjac\u00eancias, e\u00a0a Bahia do lado de c\u00e1, esquecida por muitos, e lembrada apenas nas v\u00e9speras dos pleitos eleitorais. Val Cordeiro (<a href=\"http:\/\/www.walcordeiro.com.br\/\" target=\"_blank\">www.walcordeiro.com.br<\/a>)<\/p>\n","protected":false},"excerpt":{"rendered":"<p>O que fomos fazer na Assembl\u00e9ia Itinerante de Conquista? Ver os deputados medir for\u00e7as entre oposi\u00e7\u00e3o e\u00a0situa\u00e7\u00e3o? Reencontrar velhos amigos\u00a0e colocar as novidades em dia? Tentar descobrir quem ser\u00e3o os futuros candidatos a prefeito? E os projeto revelantes? Verdadeiros projetos para a regi\u00e3o, a exemplo da transforma\u00e7\u00e3o de Vit\u00f3ria da Conquista como Regi\u00e3o\u00a0 Metropolitana? \u00c9, [&hellip;]<\/p>\n","protected":false},"author":2,"featured_media":0,"comment_status":"open","ping_status":"open","sticky":false,"template":"","format":"standard","meta":{"footnotes":"","_links_to":"","_links_to_target":""},"categories":[11],"tags":[],"class_list":["post-8782","post","type-post","status-publish","format-standard","hentry","category-quentinhas"],"views":1220,"_links":{"self":[{"href":"https:\/\/www.sudoestehoje.com.br\/novoportal\/wp-json\/wp\/v2\/posts\/8782","targetHints":{"allow":["GET"]}}],"collection":[{"href":"https:\/\/www.sudoestehoje.com.br\/novoportal\/wp-json\/wp\/v2\/posts"}],"about":[{"href":"https:\/\/www.sudoestehoje.com.br\/novoportal\/wp-json\/wp\/v2\/types\/post"}],"author":[{"embeddable":true,"href":"https:\/\/www.sudoestehoje.com.br\/novoportal\/wp-json\/wp\/v2\/users\/2"}],"replies":[{"embeddable":true,"href":"https:\/\/www.sudoestehoje.com.br\/novoportal\/wp-json\/wp\/v2\/comments?post=8782"}],"version-history":[{"count":2,"href":"https:\/\/www.sudoestehoje.com.br\/novoportal\/wp-json\/wp\/v2\/posts\/8782\/revisions"}],"predecessor-version":[{"id":8784,"href":"https:\/\/www.sudoestehoje.com.br\/novoportal\/wp-json\/wp\/v2\/posts\/8782\/revisions\/8784"}],"wp:attachment":[{"href":"https:\/\/www.sudoestehoje.com.br\/novoportal\/wp-json\/wp\/v2\/media?parent=8782"}],"wp:term":[{"taxonomy":"category","embeddable":true,"href":"https:\/\/www.sudoestehoje.com.br\/novoportal\/wp-json\/wp\/v2\/categories?post=8782"},{"taxonomy":"post_tag","embeddable":true,"href":"https:\/\/www.sudoestehoje.com.br\/novoportal\/wp-json\/wp\/v2\/tags?post=8782"}],"curies":[{"name":"wp","href":"https:\/\/api.w.org\/{rel}","templated":true}]}}