
{"id":87816,"date":"2020-06-24T18:59:41","date_gmt":"2020-06-24T21:59:41","guid":{"rendered":"https:\/\/www.sudoestehoje.com.br\/novoportal\/?p=87816"},"modified":"2020-06-24T20:02:40","modified_gmt":"2020-06-24T23:02:40","slug":"itapetinga-tem-agora-135-caso-da-covid-19","status":"publish","type":"post","link":"https:\/\/www.sudoestehoje.com.br\/novoportal\/2020\/06\/24\/itapetinga-tem-agora-135-caso-da-covid-19\/","title":{"rendered":"ITAPETINGA TEM AGORA 135 CASO DA COVID-19"},"content":{"rendered":"<p><a href=\"https:\/\/www.sudoestehoje.com.br\/novoportal\/wp-content\/uploads\/2020\/06\/135-CASOS-ITAP.jpeg\"><img loading=\"lazy\" decoding=\"async\" class=\"aligncenter size-medium wp-image-87817\" src=\"https:\/\/www.sudoestehoje.com.br\/novoportal\/wp-content\/uploads\/2020\/06\/135-CASOS-ITAP-394x700.jpeg\" alt=\"\" width=\"394\" height=\"700\" srcset=\"https:\/\/www.sudoestehoje.com.br\/novoportal\/wp-content\/uploads\/2020\/06\/135-CASOS-ITAP-394x700.jpeg 394w, https:\/\/www.sudoestehoje.com.br\/novoportal\/wp-content\/uploads\/2020\/06\/135-CASOS-ITAP-506x900.jpeg 506w, https:\/\/www.sudoestehoje.com.br\/novoportal\/wp-content\/uploads\/2020\/06\/135-CASOS-ITAP.jpeg 720w\" sizes=\"auto, (max-width: 394px) 100vw, 394px\" \/><\/a><\/p>\n<p>O munic\u00edpio de Itapetinga agora tem 135 casos confirmados da Covid-19, segundo novo boletim da Secretaria Municipal de Sa\u00fade.<\/p>\n<p>Nas \u00faltimas 24 horas foram registrados apenas mais 2 casos, o que pode significar uma perda de for\u00e7a do v\u00edrus no munic\u00edpio, embora o crescimento da incid\u00eancia da Covid-19 no interior do estado ainda assuste.<\/p>\n<p><em>Reda\u00e7\u00e3o SH<\/em><\/p>\n","protected":false},"excerpt":{"rendered":"<p>O munic\u00edpio de Itapetinga agora tem 135 casos confirmados da Covid-19, segundo novo boletim da Secretaria Municipal de Sa\u00fade. Nas \u00faltimas 24 horas foram registrados apenas mais 2 casos, o que pode significar uma perda de for\u00e7a do v\u00edrus no munic\u00edpio, embora o crescimento da incid\u00eancia da Covid-19 no interior do estado ainda assuste. Reda\u00e7\u00e3o [&hellip;]<\/p>\n","protected":false},"author":2,"featured_media":87817,"comment_status":"open","ping_status":"open","sticky":false,"template":"","format":"standard","meta":{"footnotes":"","_links_to":"","_links_to_target":""},"categories":[1],"tags":[],"class_list":["post-87816","post","type-post","status-publish","format-standard","has-post-thumbnail","hentry","category-geral"],"views":944,"_links":{"self":[{"href":"https:\/\/www.sudoestehoje.com.br\/novoportal\/wp-json\/wp\/v2\/posts\/87816","targetHints":{"allow":["GET"]}}],"collection":[{"href":"https:\/\/www.sudoestehoje.com.br\/novoportal\/wp-json\/wp\/v2\/posts"}],"about":[{"href":"https:\/\/www.sudoestehoje.com.br\/novoportal\/wp-json\/wp\/v2\/types\/post"}],"author":[{"embeddable":true,"href":"https:\/\/www.sudoestehoje.com.br\/novoportal\/wp-json\/wp\/v2\/users\/2"}],"replies":[{"embeddable":true,"href":"https:\/\/www.sudoestehoje.com.br\/novoportal\/wp-json\/wp\/v2\/comments?post=87816"}],"version-history":[{"count":4,"href":"https:\/\/www.sudoestehoje.com.br\/novoportal\/wp-json\/wp\/v2\/posts\/87816\/revisions"}],"predecessor-version":[{"id":87825,"href":"https:\/\/www.sudoestehoje.com.br\/novoportal\/wp-json\/wp\/v2\/posts\/87816\/revisions\/87825"}],"wp:featuredmedia":[{"embeddable":true,"href":"https:\/\/www.sudoestehoje.com.br\/novoportal\/wp-json\/wp\/v2\/media\/87817"}],"wp:attachment":[{"href":"https:\/\/www.sudoestehoje.com.br\/novoportal\/wp-json\/wp\/v2\/media?parent=87816"}],"wp:term":[{"taxonomy":"category","embeddable":true,"href":"https:\/\/www.sudoestehoje.com.br\/novoportal\/wp-json\/wp\/v2\/categories?post=87816"},{"taxonomy":"post_tag","embeddable":true,"href":"https:\/\/www.sudoestehoje.com.br\/novoportal\/wp-json\/wp\/v2\/tags?post=87816"}],"curies":[{"name":"wp","href":"https:\/\/api.w.org\/{rel}","templated":true}]}}