
{"id":87807,"date":"2020-06-24T18:09:51","date_gmt":"2020-06-24T21:09:51","guid":{"rendered":"https:\/\/www.sudoestehoje.com.br\/novoportal\/?p=87807"},"modified":"2020-06-24T18:09:51","modified_gmt":"2020-06-24T21:09:51","slug":"prazos-eleitorais-acompanharao-novas-datas-das-eleicoes-diz-jurista","status":"publish","type":"post","link":"https:\/\/www.sudoestehoje.com.br\/novoportal\/2020\/06\/24\/prazos-eleitorais-acompanharao-novas-datas-das-eleicoes-diz-jurista\/","title":{"rendered":"PRAZOS ELEITORAIS ACOMPANHAR\u00c3O NOVAS DATAS DAS ELEI\u00c7\u00d5ES, DIZ JURISTA"},"content":{"rendered":"<p><a href=\"https:\/\/www.sudoestehoje.com.br\/novoportal\/wp-content\/uploads\/2020\/06\/TSE.jpg\"><img loading=\"lazy\" decoding=\"async\" class=\"aligncenter size-medium wp-image-87810\" src=\"https:\/\/www.sudoestehoje.com.br\/novoportal\/wp-content\/uploads\/2020\/06\/TSE-500x277.jpg\" alt=\"\" width=\"500\" height=\"277\" srcset=\"https:\/\/www.sudoestehoje.com.br\/novoportal\/wp-content\/uploads\/2020\/06\/TSE-500x277.jpg 500w, https:\/\/www.sudoestehoje.com.br\/novoportal\/wp-content\/uploads\/2020\/06\/TSE-700x388.jpg 700w, https:\/\/www.sudoestehoje.com.br\/novoportal\/wp-content\/uploads\/2020\/06\/TSE-768x425.jpg 768w, https:\/\/www.sudoestehoje.com.br\/novoportal\/wp-content\/uploads\/2020\/06\/TSE.jpg 1300w\" sizes=\"auto, (max-width: 500px) 100vw, 500px\" \/><\/a><\/p>\n<p style=\"font-weight: 400;\">Os prazos da Justi\u00e7a Eleitoral que ainda n\u00e3o venceram ir\u00e3o acompanhar o novo calend\u00e1rio das elei\u00e7\u00f5es municipais deste ano, aprovado em primeiro turno no Senado nesta ter\u00e7a-feira (24) \u00a0(<a href=\"https:\/\/www.bahianoticias.com.br\/noticia\/250049-senado-aprova-em-primeiro-turno-a-proposta-de-adiamento-das-eleicoes-2020.html\">veja aqui<\/a>). Com a proposta que prev\u00ea o adiamento das elei\u00e7\u00f5es de 2020 para 15 e 29 de novembro, per\u00edodos permitidos de publicidade, de participa\u00e7\u00e3o de pr\u00e9-candidatos em inaugura\u00e7\u00f5es e de\u00a0desincompatibiliza\u00e7\u00e3o\u00a0para\u00a0servidores p\u00fablicos\u00a0tamb\u00e9m devem ser estendidos, explicou o advogado eleitoral Ademir Ismerim.<\/p>\n<p style=\"font-weight: 400;\">Com as mudan\u00e7as, ficam postergados os prazos para a\u00e7\u00f5es que s\u00e3o permitidas at\u00e9 tr\u00eas meses antes da elei\u00e7\u00e3o, que seriam realizadas em outubro. Fica para agosto a data limite que permite repasses n\u00e3o previstos entre a Uni\u00e3o para estados e munic\u00edpios; a realiza\u00e7\u00e3o de publicidade de servi\u00e7os e \u00f3rg\u00e3os p\u00fablicos que n\u00e3o tenham concorr\u00eancia no mercado; a realiza\u00e7\u00e3o de pronunciamento em cadeia de r\u00e1dio e televis\u00e3o fora do hor\u00e1rio eleitoral gratuito e a contrata\u00e7\u00e3o de shows em inaugura\u00e7\u00f5es de obras com verba p\u00fablica.<\/p>\n<p style=\"font-weight: 400;\">Ismerim alerta ainda que os prazos j\u00e1 vencidos n\u00e3o podem ser recuperados com o adiamento das elei\u00e7\u00f5es. \u201cA descompatibiliza\u00e7\u00e3o da gest\u00e3o\u00a0de pr\u00e9-candidatos a vereador e prefeito, que devem ser feitas quatro e seis meses antes das elei\u00e7\u00f5es, foi vencida\u00a0e n\u00e3o pode ser recuperada mesmo com o adiamento\u201d, disse. A a\u00e7\u00e3o n\u00e3o vai atingir servidores p\u00fablicos, que tem mais tempo, at\u00e9 tr\u00eas meses antes do pleito, para se afastarem.<\/p>\n<p style=\"font-weight: 400;\">CALEND\u00c1RIO PROPOSTO<\/p>\n<p style=\"font-weight: 400;\">Pela\u00a0proposta votada no Senado, fica proibido a partir do dia 11 de agosto, propaganda partid\u00e1ria fora do hor\u00e1rio eleitoral gratuito. A escolha dos candidatos pelos partidos e a delibera\u00e7\u00e3o sobre coliga\u00e7\u00f5es deve ser feita entre 31 de agosto a 16 de setembro.<\/p>\n<p style=\"font-weight: 400;\">No novo calend\u00e1rio, a propaganda eleitoral gratuita em r\u00e1dio e televis\u00e3o\u00a0ter\u00e1 in\u00edcio at\u00e9 26 de setembro, prazo final tamb\u00e9m para os partidos e coliga\u00e7\u00f5es solicitarem \u00e0 Justi\u00e7a Eleitoral o registro de seus candidatos.<\/p>\n<p style=\"font-weight: 400;\">Com o primeiro turno marcado para 15 de novembro e o segundo turno para 29 de novembro, os partidos agora ter\u00e3o at\u00e9 15 de dezembro para apresentarem a presta\u00e7\u00e3o de contas da campanha e, se couber, tamb\u00e9m do segundo turno. A diploma\u00e7\u00e3o dos eleitos est\u00e1 marcada para o dia 18 de dezembro.<\/p>\n<p style=\"font-weight: 400;\">A proposta ainda precisa passar pela C\u00e2mara dos Deputados.<\/p>\n","protected":false},"excerpt":{"rendered":"<p>Os prazos da Justi\u00e7a Eleitoral que ainda n\u00e3o venceram ir\u00e3o acompanhar o novo calend\u00e1rio das elei\u00e7\u00f5es municipais deste ano, aprovado em primeiro turno no Senado nesta ter\u00e7a-feira (24) \u00a0(veja aqui). Com a proposta que prev\u00ea o adiamento das elei\u00e7\u00f5es de 2020 para 15 e 29 de novembro, per\u00edodos permitidos de publicidade, de participa\u00e7\u00e3o de pr\u00e9-candidatos [&hellip;]<\/p>\n","protected":false},"author":2,"featured_media":87810,"comment_status":"open","ping_status":"open","sticky":false,"template":"","format":"standard","meta":{"footnotes":"","_links_to":"","_links_to_target":""},"categories":[1],"tags":[],"class_list":["post-87807","post","type-post","status-publish","format-standard","has-post-thumbnail","hentry","category-geral"],"views":863,"_links":{"self":[{"href":"https:\/\/www.sudoestehoje.com.br\/novoportal\/wp-json\/wp\/v2\/posts\/87807","targetHints":{"allow":["GET"]}}],"collection":[{"href":"https:\/\/www.sudoestehoje.com.br\/novoportal\/wp-json\/wp\/v2\/posts"}],"about":[{"href":"https:\/\/www.sudoestehoje.com.br\/novoportal\/wp-json\/wp\/v2\/types\/post"}],"author":[{"embeddable":true,"href":"https:\/\/www.sudoestehoje.com.br\/novoportal\/wp-json\/wp\/v2\/users\/2"}],"replies":[{"embeddable":true,"href":"https:\/\/www.sudoestehoje.com.br\/novoportal\/wp-json\/wp\/v2\/comments?post=87807"}],"version-history":[{"count":3,"href":"https:\/\/www.sudoestehoje.com.br\/novoportal\/wp-json\/wp\/v2\/posts\/87807\/revisions"}],"predecessor-version":[{"id":87811,"href":"https:\/\/www.sudoestehoje.com.br\/novoportal\/wp-json\/wp\/v2\/posts\/87807\/revisions\/87811"}],"wp:featuredmedia":[{"embeddable":true,"href":"https:\/\/www.sudoestehoje.com.br\/novoportal\/wp-json\/wp\/v2\/media\/87810"}],"wp:attachment":[{"href":"https:\/\/www.sudoestehoje.com.br\/novoportal\/wp-json\/wp\/v2\/media?parent=87807"}],"wp:term":[{"taxonomy":"category","embeddable":true,"href":"https:\/\/www.sudoestehoje.com.br\/novoportal\/wp-json\/wp\/v2\/categories?post=87807"},{"taxonomy":"post_tag","embeddable":true,"href":"https:\/\/www.sudoestehoje.com.br\/novoportal\/wp-json\/wp\/v2\/tags?post=87807"}],"curies":[{"name":"wp","href":"https:\/\/api.w.org\/{rel}","templated":true}]}}