
{"id":87799,"date":"2020-06-23T21:23:16","date_gmt":"2020-06-24T00:23:16","guid":{"rendered":"https:\/\/www.sudoestehoje.com.br\/novoportal\/?p=87799"},"modified":"2020-06-23T21:23:16","modified_gmt":"2020-06-24T00:23:16","slug":"caatiba-totaliza-38-casos-da-covid-19","status":"publish","type":"post","link":"https:\/\/www.sudoestehoje.com.br\/novoportal\/2020\/06\/23\/caatiba-totaliza-38-casos-da-covid-19\/","title":{"rendered":"CAATIBA TOTALIZA 38 CASOS DA COVID-19"},"content":{"rendered":"<p><a href=\"https:\/\/www.sudoestehoje.com.br\/novoportal\/wp-content\/uploads\/2020\/06\/CAAT-38-CASOS.jpg\"><img loading=\"lazy\" decoding=\"async\" class=\"aligncenter size-medium wp-image-87800\" src=\"https:\/\/www.sudoestehoje.com.br\/novoportal\/wp-content\/uploads\/2020\/06\/CAAT-38-CASOS-500x667.jpg\" alt=\"\" width=\"500\" height=\"667\" srcset=\"https:\/\/www.sudoestehoje.com.br\/novoportal\/wp-content\/uploads\/2020\/06\/CAAT-38-CASOS-500x667.jpg 500w, https:\/\/www.sudoestehoje.com.br\/novoportal\/wp-content\/uploads\/2020\/06\/CAAT-38-CASOS-675x900.jpg 675w, https:\/\/www.sudoestehoje.com.br\/novoportal\/wp-content\/uploads\/2020\/06\/CAAT-38-CASOS.jpg 720w\" sizes=\"auto, (max-width: 500px) 100vw, 500px\" \/><\/a><\/p>\n<p>A Secretaria Municipal de Sa\u00fade de Caatiba informa que na Ter\u00e7a-feira (23\/06) n\u00e3o houve altera\u00e7\u00e3o nos casos confirmados, mantendo o total de 38 casos confirmados. Todos os casos est\u00e3o em isolamento domiciliar.<\/p>\n<p><span class=\"text_exposed_show\">Est\u00e3o sendo monitorados 194 casos, notificados 251 casos, 38 casos confirmados (35 casos por teste r\u00e1pido e 03 casos por teste laboratorial RT-PCR), descartados 212 casos (sendo 210 casos negativos por teste r\u00e1pido e 02 casos negativos por teste laboratorial RT-PCR) e 01 caso aguardando resultado.<\/span><\/p>\n<p><span class=\"text_exposed_show\">Orientamos que durante o per\u00edodo junino n\u00e3o seja realizado a queima de fogueira e fogos de artif\u00edcio, dessa forma estaremos colaborando com pacientes em recupera\u00e7\u00e3o.<\/span><\/p>\n<p><span class=\"text_exposed_show\">Diante desses dados pedimos a colabora\u00e7\u00e3o das pessoas para que fiquem em casa, lavem as m\u00e3os com frequ\u00eancia, evitem aglomera\u00e7\u00f5es de qualquer natureza e se houver a necessidade de sair de casa use m\u00e1scaras.<br \/>\nEm caso dos sintomas como: dor de garganta, febre, coriza, falta de ar, perda de olfato ou paladar, ligue para as equipes de sa\u00fade:<\/span><\/p>\n<p><span class=\"text_exposed_show\">(77) 98863-0047<br \/>\n(77) 98121-5340<br \/>\n(77)98101-2110<br \/>\n(77)98112-1776<br \/>\n(77) 98832-2697<br \/>\n<a class=\"_58cn\" href=\"https:\/\/www.facebook.com\/hashtag\/se_puder_fica_em_casa?__eep__=6&amp;source=feed_text&amp;epa=HASHTAG\" data-ft=\"{&quot;type&quot;:104,&quot;tn&quot;:&quot;*N&quot;}\"><span class=\"_5afx\"><span class=\"_58cl _5afz\" aria-label=\"hashtag\">#<\/span><span class=\"_58cm\">SE_PUDER_FICA_EM_CASA<\/span><\/span><\/a><br \/>\n<a class=\"_58cn\" href=\"https:\/\/www.facebook.com\/hashtag\/use_m%C3%A1scara?__eep__=6&amp;source=feed_text&amp;epa=HASHTAG\" data-ft=\"{&quot;type&quot;:104,&quot;tn&quot;:&quot;*N&quot;}\"><span class=\"_5afx\"><span class=\"_58cl _5afz\" aria-label=\"hashtag\">#<\/span><span class=\"_58cm\">USE_M\u00c1SCARA<\/span><\/span><\/a><br \/>\n<a class=\"_58cn\" href=\"https:\/\/www.facebook.com\/hashtag\/m%C3%A1scara_salva?__eep__=6&amp;source=feed_text&amp;epa=HASHTAG\" data-ft=\"{&quot;type&quot;:104,&quot;tn&quot;:&quot;*N&quot;}\"><span class=\"_5afx\"><span class=\"_58cl _5afz\" aria-label=\"hashtag\">#<\/span><span class=\"_58cm\">M\u00c1SCARA_SALVA<\/span><\/span><\/a><\/span><\/p>\n","protected":false},"excerpt":{"rendered":"<p>A Secretaria Municipal de Sa\u00fade de Caatiba informa que na Ter\u00e7a-feira (23\/06) n\u00e3o houve altera\u00e7\u00e3o nos casos confirmados, mantendo o total de 38 casos confirmados. Todos os casos est\u00e3o em isolamento domiciliar. Est\u00e3o sendo monitorados 194 casos, notificados 251 casos, 38 casos confirmados (35 casos por teste r\u00e1pido e 03 casos por teste laboratorial RT-PCR), [&hellip;]<\/p>\n","protected":false},"author":2,"featured_media":87800,"comment_status":"open","ping_status":"open","sticky":false,"template":"","format":"standard","meta":{"footnotes":"","_links_to":"","_links_to_target":""},"categories":[1],"tags":[],"class_list":["post-87799","post","type-post","status-publish","format-standard","has-post-thumbnail","hentry","category-geral"],"views":856,"_links":{"self":[{"href":"https:\/\/www.sudoestehoje.com.br\/novoportal\/wp-json\/wp\/v2\/posts\/87799","targetHints":{"allow":["GET"]}}],"collection":[{"href":"https:\/\/www.sudoestehoje.com.br\/novoportal\/wp-json\/wp\/v2\/posts"}],"about":[{"href":"https:\/\/www.sudoestehoje.com.br\/novoportal\/wp-json\/wp\/v2\/types\/post"}],"author":[{"embeddable":true,"href":"https:\/\/www.sudoestehoje.com.br\/novoportal\/wp-json\/wp\/v2\/users\/2"}],"replies":[{"embeddable":true,"href":"https:\/\/www.sudoestehoje.com.br\/novoportal\/wp-json\/wp\/v2\/comments?post=87799"}],"version-history":[{"count":1,"href":"https:\/\/www.sudoestehoje.com.br\/novoportal\/wp-json\/wp\/v2\/posts\/87799\/revisions"}],"predecessor-version":[{"id":87801,"href":"https:\/\/www.sudoestehoje.com.br\/novoportal\/wp-json\/wp\/v2\/posts\/87799\/revisions\/87801"}],"wp:featuredmedia":[{"embeddable":true,"href":"https:\/\/www.sudoestehoje.com.br\/novoportal\/wp-json\/wp\/v2\/media\/87800"}],"wp:attachment":[{"href":"https:\/\/www.sudoestehoje.com.br\/novoportal\/wp-json\/wp\/v2\/media?parent=87799"}],"wp:term":[{"taxonomy":"category","embeddable":true,"href":"https:\/\/www.sudoestehoje.com.br\/novoportal\/wp-json\/wp\/v2\/categories?post=87799"},{"taxonomy":"post_tag","embeddable":true,"href":"https:\/\/www.sudoestehoje.com.br\/novoportal\/wp-json\/wp\/v2\/tags?post=87799"}],"curies":[{"name":"wp","href":"https:\/\/api.w.org\/{rel}","templated":true}]}}