
{"id":87794,"date":"2020-06-23T20:43:24","date_gmt":"2020-06-23T23:43:24","guid":{"rendered":"https:\/\/www.sudoestehoje.com.br\/novoportal\/?p=87794"},"modified":"2020-06-23T20:44:59","modified_gmt":"2020-06-23T23:44:59","slug":"87794","status":"publish","type":"post","link":"https:\/\/www.sudoestehoje.com.br\/novoportal\/2020\/06\/23\/87794\/","title":{"rendered":"MACARANI: C\u00c2MARA DE VEREADORES REJEITA CONTAS DO EX-PREFEITO ARMANDO PORTO"},"content":{"rendered":"<p><a href=\"https:\/\/www.sudoestehoje.com.br\/novoportal\/wp-content\/uploads\/2020\/06\/armando-porto.jpg\"><img loading=\"lazy\" decoding=\"async\" class=\"aligncenter size-medium wp-image-87795\" src=\"https:\/\/www.sudoestehoje.com.br\/novoportal\/wp-content\/uploads\/2020\/06\/armando-porto-500x281.jpg\" alt=\"\" width=\"500\" height=\"281\" srcset=\"https:\/\/www.sudoestehoje.com.br\/novoportal\/wp-content\/uploads\/2020\/06\/armando-porto-500x281.jpg 500w, https:\/\/www.sudoestehoje.com.br\/novoportal\/wp-content\/uploads\/2020\/06\/armando-porto-700x394.jpg 700w, https:\/\/www.sudoestehoje.com.br\/novoportal\/wp-content\/uploads\/2020\/06\/armando-porto-768x432.jpg 768w, https:\/\/www.sudoestehoje.com.br\/novoportal\/wp-content\/uploads\/2020\/06\/armando-porto.jpg 1080w\" sizes=\"auto, (max-width: 500px) 100vw, 500px\" \/><\/a><\/p>\n<p>Em sess\u00e3o plen\u00e1ria realizada nesta ter\u00e7a-feira (23), a C\u00e2mara de Vereadores de Macarani, no sudoeste, votou favor\u00e1vel ao Parecer do Tribunal de Contas dos Munic\u00edpios da Bahia (TCM), que opinou pela rejei\u00e7\u00e3o das contas do ex-prefeito <strong>Armando Porto<\/strong>, relativas ao exerc\u00edcio de 2016.<\/p>\n<p>Com a decis\u00e3o por 5 votos a 4, o ex-prefeito teve as suas contas rejeitadas e est\u00e1 impedido de concorrer a cargo eletivo no munic\u00edpio, no pr\u00f3ximo pleito.<\/p>\n<p>O nome de Armando Porto tem muita for\u00e7a pol\u00edtica em Macarani, e o seu apoio a qualquer dos pretensos candidatos, pode decidir as elei\u00e7\u00f5es no munic\u00edpio.<\/p>\n<p>Segundo informa\u00e7\u00f5es, Armando Porto est\u00e1 propenso a apoiar uma candidatura de oposi\u00e7\u00e3o ao prefeito Miller Ferraz, que vai disputar a reelei\u00e7\u00e3o.<\/p>\n<p><strong><em>Por Davi Ferraz\u00a0<\/em><\/strong><\/p>\n","protected":false},"excerpt":{"rendered":"<p>Em sess\u00e3o plen\u00e1ria realizada nesta ter\u00e7a-feira (23), a C\u00e2mara de Vereadores de Macarani, no sudoeste, votou favor\u00e1vel ao Parecer do Tribunal de Contas dos Munic\u00edpios da Bahia (TCM), que opinou pela rejei\u00e7\u00e3o das contas do ex-prefeito Armando Porto, relativas ao exerc\u00edcio de 2016. Com a decis\u00e3o por 5 votos a 4, o ex-prefeito teve as [&hellip;]<\/p>\n","protected":false},"author":2,"featured_media":87795,"comment_status":"open","ping_status":"open","sticky":false,"template":"","format":"standard","meta":{"footnotes":"","_links_to":"","_links_to_target":""},"categories":[1],"tags":[],"class_list":["post-87794","post","type-post","status-publish","format-standard","has-post-thumbnail","hentry","category-geral"],"views":955,"_links":{"self":[{"href":"https:\/\/www.sudoestehoje.com.br\/novoportal\/wp-json\/wp\/v2\/posts\/87794","targetHints":{"allow":["GET"]}}],"collection":[{"href":"https:\/\/www.sudoestehoje.com.br\/novoportal\/wp-json\/wp\/v2\/posts"}],"about":[{"href":"https:\/\/www.sudoestehoje.com.br\/novoportal\/wp-json\/wp\/v2\/types\/post"}],"author":[{"embeddable":true,"href":"https:\/\/www.sudoestehoje.com.br\/novoportal\/wp-json\/wp\/v2\/users\/2"}],"replies":[{"embeddable":true,"href":"https:\/\/www.sudoestehoje.com.br\/novoportal\/wp-json\/wp\/v2\/comments?post=87794"}],"version-history":[{"count":3,"href":"https:\/\/www.sudoestehoje.com.br\/novoportal\/wp-json\/wp\/v2\/posts\/87794\/revisions"}],"predecessor-version":[{"id":87798,"href":"https:\/\/www.sudoestehoje.com.br\/novoportal\/wp-json\/wp\/v2\/posts\/87794\/revisions\/87798"}],"wp:featuredmedia":[{"embeddable":true,"href":"https:\/\/www.sudoestehoje.com.br\/novoportal\/wp-json\/wp\/v2\/media\/87795"}],"wp:attachment":[{"href":"https:\/\/www.sudoestehoje.com.br\/novoportal\/wp-json\/wp\/v2\/media?parent=87794"}],"wp:term":[{"taxonomy":"category","embeddable":true,"href":"https:\/\/www.sudoestehoje.com.br\/novoportal\/wp-json\/wp\/v2\/categories?post=87794"},{"taxonomy":"post_tag","embeddable":true,"href":"https:\/\/www.sudoestehoje.com.br\/novoportal\/wp-json\/wp\/v2\/tags?post=87794"}],"curies":[{"name":"wp","href":"https:\/\/api.w.org\/{rel}","templated":true}]}}