
{"id":87789,"date":"2020-06-23T19:49:36","date_gmt":"2020-06-23T22:49:36","guid":{"rendered":"https:\/\/www.sudoestehoje.com.br\/novoportal\/?p=87789"},"modified":"2020-06-23T19:49:36","modified_gmt":"2020-06-23T22:49:36","slug":"conquista-registra-14o-obito-por-covid-19-e-chega-a-555-casos-do-novo-virus","status":"publish","type":"post","link":"https:\/\/www.sudoestehoje.com.br\/novoportal\/2020\/06\/23\/conquista-registra-14o-obito-por-covid-19-e-chega-a-555-casos-do-novo-virus\/","title":{"rendered":"CONQUISTA REGISTRA 14\u00ba \u00d3BITO POR COVID-19 E CHEGA A 555 CASOS DO NOVO V\u00cdRUS"},"content":{"rendered":"<p><a href=\"https:\/\/www.sudoestehoje.com.br\/novoportal\/wp-content\/uploads\/2020\/06\/555-CONQ.jpeg\"><img loading=\"lazy\" decoding=\"async\" class=\"aligncenter size-medium wp-image-87790\" src=\"https:\/\/www.sudoestehoje.com.br\/novoportal\/wp-content\/uploads\/2020\/06\/555-CONQ-500x500.jpeg\" alt=\"\" width=\"500\" height=\"500\" srcset=\"https:\/\/www.sudoestehoje.com.br\/novoportal\/wp-content\/uploads\/2020\/06\/555-CONQ-500x500.jpeg 500w, https:\/\/www.sudoestehoje.com.br\/novoportal\/wp-content\/uploads\/2020\/06\/555-CONQ-700x700.jpeg 700w, https:\/\/www.sudoestehoje.com.br\/novoportal\/wp-content\/uploads\/2020\/06\/555-CONQ-150x150.jpeg 150w, https:\/\/www.sudoestehoje.com.br\/novoportal\/wp-content\/uploads\/2020\/06\/555-CONQ-768x768.jpeg 768w, https:\/\/www.sudoestehoje.com.br\/novoportal\/wp-content\/uploads\/2020\/06\/555-CONQ.jpeg 1200w\" sizes=\"auto, (max-width: 500px) 100vw, 500px\" \/><\/a><\/p>\n<p>A Secretaria Municipal de Sa\u00fade confirmou nesta ter\u00e7a-feira (23), o 14\u00ba falecimento de um paciente de 82 anos por infec\u00e7\u00e3o pelo Coronav\u00edrus. Ele possu\u00eda doen\u00e7as preexistentes e estava sendo acompanhado pelo monitoramento da Vigil\u00e2ncia em Sa\u00fade desde o dia 9 de junho, quando foi internado no Hospital S\u00e3o Vicente de Paulo.<\/p>\n<p>O paciente veio a \u00f3bito na noite da \u00faltima segunda-feira (22) ap\u00f3s agravamento do estado de sa\u00fade. Hoje, o total de casos confirmados em Vit\u00f3ria da Conquista chegou a 555, 209 foram confirmados por exame RT-PCR e 346 por Teste R\u00e1pido.<\/p>\n<p>Mais 20 pessoas se recuperaram da infec\u00e7\u00e3o e o n\u00famero de recuperados tamb\u00e9m evoluiu para 421. Outros 120 pacientes ainda est\u00e3o com o v\u00edrus ativo e seguem em recupera\u00e7\u00e3o, nove internados e 111 em tratamento domiciliar. <em>\/\/Blog do Anderson<\/em><\/p>\n","protected":false},"excerpt":{"rendered":"<p>A Secretaria Municipal de Sa\u00fade confirmou nesta ter\u00e7a-feira (23), o 14\u00ba falecimento de um paciente de 82 anos por infec\u00e7\u00e3o pelo Coronav\u00edrus. Ele possu\u00eda doen\u00e7as preexistentes e estava sendo acompanhado pelo monitoramento da Vigil\u00e2ncia em Sa\u00fade desde o dia 9 de junho, quando foi internado no Hospital S\u00e3o Vicente de Paulo. O paciente veio a [&hellip;]<\/p>\n","protected":false},"author":2,"featured_media":87790,"comment_status":"open","ping_status":"open","sticky":false,"template":"","format":"standard","meta":{"footnotes":"","_links_to":"","_links_to_target":""},"categories":[1],"tags":[],"class_list":["post-87789","post","type-post","status-publish","format-standard","has-post-thumbnail","hentry","category-geral"],"views":938,"_links":{"self":[{"href":"https:\/\/www.sudoestehoje.com.br\/novoportal\/wp-json\/wp\/v2\/posts\/87789","targetHints":{"allow":["GET"]}}],"collection":[{"href":"https:\/\/www.sudoestehoje.com.br\/novoportal\/wp-json\/wp\/v2\/posts"}],"about":[{"href":"https:\/\/www.sudoestehoje.com.br\/novoportal\/wp-json\/wp\/v2\/types\/post"}],"author":[{"embeddable":true,"href":"https:\/\/www.sudoestehoje.com.br\/novoportal\/wp-json\/wp\/v2\/users\/2"}],"replies":[{"embeddable":true,"href":"https:\/\/www.sudoestehoje.com.br\/novoportal\/wp-json\/wp\/v2\/comments?post=87789"}],"version-history":[{"count":1,"href":"https:\/\/www.sudoestehoje.com.br\/novoportal\/wp-json\/wp\/v2\/posts\/87789\/revisions"}],"predecessor-version":[{"id":87791,"href":"https:\/\/www.sudoestehoje.com.br\/novoportal\/wp-json\/wp\/v2\/posts\/87789\/revisions\/87791"}],"wp:featuredmedia":[{"embeddable":true,"href":"https:\/\/www.sudoestehoje.com.br\/novoportal\/wp-json\/wp\/v2\/media\/87790"}],"wp:attachment":[{"href":"https:\/\/www.sudoestehoje.com.br\/novoportal\/wp-json\/wp\/v2\/media?parent=87789"}],"wp:term":[{"taxonomy":"category","embeddable":true,"href":"https:\/\/www.sudoestehoje.com.br\/novoportal\/wp-json\/wp\/v2\/categories?post=87789"},{"taxonomy":"post_tag","embeddable":true,"href":"https:\/\/www.sudoestehoje.com.br\/novoportal\/wp-json\/wp\/v2\/tags?post=87789"}],"curies":[{"name":"wp","href":"https:\/\/api.w.org\/{rel}","templated":true}]}}