
{"id":87781,"date":"2020-06-23T18:58:17","date_gmt":"2020-06-23T21:58:17","guid":{"rendered":"https:\/\/www.sudoestehoje.com.br\/novoportal\/?p=87781"},"modified":"2020-06-23T18:58:17","modified_gmt":"2020-06-23T21:58:17","slug":"senado-aprova-em-primeiro-turno-adiamento-das-eleicoes-para-novembro","status":"publish","type":"post","link":"https:\/\/www.sudoestehoje.com.br\/novoportal\/2020\/06\/23\/senado-aprova-em-primeiro-turno-adiamento-das-eleicoes-para-novembro\/","title":{"rendered":"SENADO APROVA EM PRIMEIRO TURNO ADIAMENTO DAS ELEI\u00c7\u00d5ES PARA NOVEMBRO"},"content":{"rendered":"<p><a href=\"https:\/\/www.sudoestehoje.com.br\/novoportal\/wp-content\/uploads\/2020\/06\/SENADO.jpg\"><img loading=\"lazy\" decoding=\"async\" class=\"aligncenter size-medium wp-image-87782\" src=\"https:\/\/www.sudoestehoje.com.br\/novoportal\/wp-content\/uploads\/2020\/06\/SENADO-500x300.jpg\" alt=\"\" width=\"500\" height=\"300\" srcset=\"https:\/\/www.sudoestehoje.com.br\/novoportal\/wp-content\/uploads\/2020\/06\/SENADO-500x300.jpg 500w, https:\/\/www.sudoestehoje.com.br\/novoportal\/wp-content\/uploads\/2020\/06\/SENADO-700x420.jpg 700w, https:\/\/www.sudoestehoje.com.br\/novoportal\/wp-content\/uploads\/2020\/06\/SENADO-768x461.jpg 768w, https:\/\/www.sudoestehoje.com.br\/novoportal\/wp-content\/uploads\/2020\/06\/SENADO.jpg 1086w\" sizes=\"auto, (max-width: 500px) 100vw, 500px\" \/><\/a><\/p>\n<p>Por 67 a 8 votos, os senadores acabam de aprovar, em primeiro turno, a PEC que adia as elei\u00e7\u00f5es municipais para 15 de novembro (primeiro turno) e 29 de novembro (segundo turno), em raz\u00e3o da pandemia da Covid-19.<\/p>\n<p>Agora ser\u00e3o votados destaques, ou seja, sugest\u00f5es de mudan\u00e7as no texto-base j\u00e1 aprovado.<\/p>\n<p>A proposta ainda precisar\u00e1 ser votada em segundo turno no Senado, antes de seguir para tramita\u00e7\u00e3o na C\u00e2mara, onde j\u00e1 h\u00e1 um movimento para barrar a PEC.<\/p>\n<p>As informa\u00e7\u00f5es s\u00e3o do site O antagonista.<\/p>\n","protected":false},"excerpt":{"rendered":"<p>Por 67 a 8 votos, os senadores acabam de aprovar, em primeiro turno, a PEC que adia as elei\u00e7\u00f5es municipais para 15 de novembro (primeiro turno) e 29 de novembro (segundo turno), em raz\u00e3o da pandemia da Covid-19. Agora ser\u00e3o votados destaques, ou seja, sugest\u00f5es de mudan\u00e7as no texto-base j\u00e1 aprovado. A proposta ainda precisar\u00e1 [&hellip;]<\/p>\n","protected":false},"author":2,"featured_media":87782,"comment_status":"open","ping_status":"open","sticky":false,"template":"","format":"standard","meta":{"footnotes":"","_links_to":"","_links_to_target":""},"categories":[1],"tags":[],"class_list":["post-87781","post","type-post","status-publish","format-standard","has-post-thumbnail","hentry","category-geral"],"views":1093,"_links":{"self":[{"href":"https:\/\/www.sudoestehoje.com.br\/novoportal\/wp-json\/wp\/v2\/posts\/87781","targetHints":{"allow":["GET"]}}],"collection":[{"href":"https:\/\/www.sudoestehoje.com.br\/novoportal\/wp-json\/wp\/v2\/posts"}],"about":[{"href":"https:\/\/www.sudoestehoje.com.br\/novoportal\/wp-json\/wp\/v2\/types\/post"}],"author":[{"embeddable":true,"href":"https:\/\/www.sudoestehoje.com.br\/novoportal\/wp-json\/wp\/v2\/users\/2"}],"replies":[{"embeddable":true,"href":"https:\/\/www.sudoestehoje.com.br\/novoportal\/wp-json\/wp\/v2\/comments?post=87781"}],"version-history":[{"count":1,"href":"https:\/\/www.sudoestehoje.com.br\/novoportal\/wp-json\/wp\/v2\/posts\/87781\/revisions"}],"predecessor-version":[{"id":87783,"href":"https:\/\/www.sudoestehoje.com.br\/novoportal\/wp-json\/wp\/v2\/posts\/87781\/revisions\/87783"}],"wp:featuredmedia":[{"embeddable":true,"href":"https:\/\/www.sudoestehoje.com.br\/novoportal\/wp-json\/wp\/v2\/media\/87782"}],"wp:attachment":[{"href":"https:\/\/www.sudoestehoje.com.br\/novoportal\/wp-json\/wp\/v2\/media?parent=87781"}],"wp:term":[{"taxonomy":"category","embeddable":true,"href":"https:\/\/www.sudoestehoje.com.br\/novoportal\/wp-json\/wp\/v2\/categories?post=87781"},{"taxonomy":"post_tag","embeddable":true,"href":"https:\/\/www.sudoestehoje.com.br\/novoportal\/wp-json\/wp\/v2\/tags?post=87781"}],"curies":[{"name":"wp","href":"https:\/\/api.w.org\/{rel}","templated":true}]}}