
{"id":8778,"date":"2011-09-16T11:17:26","date_gmt":"2011-09-16T14:17:26","guid":{"rendered":"http:\/\/www.sudoestehoje.com.br\/novoportal\/?p=8778"},"modified":"2011-09-17T09:47:40","modified_gmt":"2011-09-17T12:47:40","slug":"mao-branca-agora-e-comendador","status":"publish","type":"post","link":"https:\/\/www.sudoestehoje.com.br\/novoportal\/2011\/09\/16\/mao-branca-agora-e-comendador\/","title":{"rendered":"M\u00c3O BRANCA AGORA \u00c9 COMENDADOR"},"content":{"rendered":"<p style=\"text-align: center;\"><img decoding=\"async\" class=\"aligncenter\" src=\"http:\/\/www.blogdaresenhageral.com.br\/v1\/wp-content\/uploads\/mao-branca1.jpg\" alt=\"\" width=\"400\" \/><\/p>\n<p style=\"text-align: center;\"><em><strong>M\u00e3o Branca foi homenageado com a Comenda 2 de Julho <\/strong><\/em><\/p>\n<p>Durante a sess\u00e3o itinerante da Assembl\u00e9ia Legislativa da Bahia na tarde de ontem (quinta-feira), em Vit\u00f3ria da Conquista, cinco personalidades foram homenageadas com a Comenda Dois de Julho: o padre Edilberto Ara\u00fajo, Edigar Evangelista dos Anjos (M\u00e3o Branca), o escritor e poeta Carlos Jehovah de Brito Leite, o educador e empres\u00e1rio Joseval de Souza Andrade e o apresentador da Resenha Geral e presidente do PMDB de Vit\u00f3ria da Conquista, Herzem Gusm\u00e3o, respectivamente indicados para a homenagem pelos deputados Z\u00e9 Raimundo (PT), Fabr\u00edcio Falc\u00e3o (PC do B), Marcelino Galo (PT), Marcelo Nilo e bancada de oposi\u00e7\u00e3o.<\/p>\n<p><strong><em>Por Rodrigo Ferraz (Resenha Geral)<\/em><\/strong><\/p>\n","protected":false},"excerpt":{"rendered":"<p>M\u00e3o Branca foi homenageado com a Comenda 2 de Julho Durante a sess\u00e3o itinerante da Assembl\u00e9ia Legislativa da Bahia na tarde de ontem (quinta-feira), em Vit\u00f3ria da Conquista, cinco personalidades foram homenageadas com a Comenda Dois de Julho: o padre Edilberto Ara\u00fajo, Edigar Evangelista dos Anjos (M\u00e3o Branca), o escritor e poeta Carlos Jehovah de [&hellip;]<\/p>\n","protected":false},"author":2,"featured_media":0,"comment_status":"open","ping_status":"open","sticky":false,"template":"","format":"standard","meta":{"footnotes":"","_links_to":"","_links_to_target":""},"categories":[1],"tags":[],"class_list":["post-8778","post","type-post","status-publish","format-standard","hentry","category-geral"],"views":1199,"_links":{"self":[{"href":"https:\/\/www.sudoestehoje.com.br\/novoportal\/wp-json\/wp\/v2\/posts\/8778","targetHints":{"allow":["GET"]}}],"collection":[{"href":"https:\/\/www.sudoestehoje.com.br\/novoportal\/wp-json\/wp\/v2\/posts"}],"about":[{"href":"https:\/\/www.sudoestehoje.com.br\/novoportal\/wp-json\/wp\/v2\/types\/post"}],"author":[{"embeddable":true,"href":"https:\/\/www.sudoestehoje.com.br\/novoportal\/wp-json\/wp\/v2\/users\/2"}],"replies":[{"embeddable":true,"href":"https:\/\/www.sudoestehoje.com.br\/novoportal\/wp-json\/wp\/v2\/comments?post=8778"}],"version-history":[{"count":4,"href":"https:\/\/www.sudoestehoje.com.br\/novoportal\/wp-json\/wp\/v2\/posts\/8778\/revisions"}],"predecessor-version":[{"id":8781,"href":"https:\/\/www.sudoestehoje.com.br\/novoportal\/wp-json\/wp\/v2\/posts\/8778\/revisions\/8781"}],"wp:attachment":[{"href":"https:\/\/www.sudoestehoje.com.br\/novoportal\/wp-json\/wp\/v2\/media?parent=8778"}],"wp:term":[{"taxonomy":"category","embeddable":true,"href":"https:\/\/www.sudoestehoje.com.br\/novoportal\/wp-json\/wp\/v2\/categories?post=8778"},{"taxonomy":"post_tag","embeddable":true,"href":"https:\/\/www.sudoestehoje.com.br\/novoportal\/wp-json\/wp\/v2\/tags?post=8778"}],"curies":[{"name":"wp","href":"https:\/\/api.w.org\/{rel}","templated":true}]}}