
{"id":87777,"date":"2020-06-23T17:53:12","date_gmt":"2020-06-23T20:53:12","guid":{"rendered":"https:\/\/www.sudoestehoje.com.br\/novoportal\/?p=87777"},"modified":"2020-06-23T17:53:12","modified_gmt":"2020-06-23T20:53:12","slug":"sao-paulo-bate-recorde-com-434-mortes-pela-covid-19-em-24-horas","status":"publish","type":"post","link":"https:\/\/www.sudoestehoje.com.br\/novoportal\/2020\/06\/23\/sao-paulo-bate-recorde-com-434-mortes-pela-covid-19-em-24-horas\/","title":{"rendered":"S\u00c3O PAULO BATE RECORDE COM 434 MORTES PELA COVID-19 EM 24 HORAS"},"content":{"rendered":"<p><a href=\"https:\/\/www.sudoestehoje.com.br\/novoportal\/wp-content\/uploads\/2020\/06\/SAO-PAULO.jpg\"><img loading=\"lazy\" decoding=\"async\" class=\"aligncenter size-medium wp-image-87779\" src=\"https:\/\/www.sudoestehoje.com.br\/novoportal\/wp-content\/uploads\/2020\/06\/SAO-PAULO-500x281.jpg\" alt=\"\" width=\"500\" height=\"281\" srcset=\"https:\/\/www.sudoestehoje.com.br\/novoportal\/wp-content\/uploads\/2020\/06\/SAO-PAULO-500x281.jpg 500w, https:\/\/www.sudoestehoje.com.br\/novoportal\/wp-content\/uploads\/2020\/06\/SAO-PAULO-700x394.jpg 700w, https:\/\/www.sudoestehoje.com.br\/novoportal\/wp-content\/uploads\/2020\/06\/SAO-PAULO-768x432.jpg 768w, https:\/\/www.sudoestehoje.com.br\/novoportal\/wp-content\/uploads\/2020\/06\/SAO-PAULO.jpg 1200w\" sizes=\"auto, (max-width: 500px) 100vw, 500px\" \/><\/a><\/p>\n<p>O estado de S\u00e3o Paulo registrou, nas \u00faltimas 24 horas, 434 mortes confirmadas pela Covid-19. \u00c9 o recorde desde o in\u00edcio da pandemia, que antes era de 389 \u00f3bitos &#8211; n\u00famero contabilizado no dia 17 de junho. As informa\u00e7\u00f5es s\u00e3o do Uol.<\/p>\n<p>No total, o epicentro do coronav\u00edrus no pa\u00eds possui 229.475 casos da doen\u00e7a, que resultaram em 13.068 mortes. De acordo com o governo do estado, os n\u00fameros costumam ser maiores nas ter\u00e7as-feiras, pois a contabiliza\u00e7\u00e3o de casos nos s\u00e1bados e domingos sofrem atraso.<\/p>\n<p>Isso porque os dados apontam o momento que as mortes foram oficialmente registradas, e n\u00e3o o momento que realmente ocorreram.<\/p>\n<p>S\u00e3o Paulo tem 65,7% de ocupa\u00e7\u00e3o dos leitos de UTI. Na Grande S\u00e3o Paulo, que \u00e9 formada pelas capital e cidades adjacentes, o n\u00famero \u00e9 ainda maior &#8211; 68%.<\/p>\n","protected":false},"excerpt":{"rendered":"<p>O estado de S\u00e3o Paulo registrou, nas \u00faltimas 24 horas, 434 mortes confirmadas pela Covid-19. \u00c9 o recorde desde o in\u00edcio da pandemia, que antes era de 389 \u00f3bitos &#8211; n\u00famero contabilizado no dia 17 de junho. As informa\u00e7\u00f5es s\u00e3o do Uol. No total, o epicentro do coronav\u00edrus no pa\u00eds possui 229.475 casos da doen\u00e7a, [&hellip;]<\/p>\n","protected":false},"author":2,"featured_media":87779,"comment_status":"open","ping_status":"open","sticky":false,"template":"","format":"standard","meta":{"footnotes":"","_links_to":"","_links_to_target":""},"categories":[1],"tags":[],"class_list":["post-87777","post","type-post","status-publish","format-standard","has-post-thumbnail","hentry","category-geral"],"views":838,"_links":{"self":[{"href":"https:\/\/www.sudoestehoje.com.br\/novoportal\/wp-json\/wp\/v2\/posts\/87777","targetHints":{"allow":["GET"]}}],"collection":[{"href":"https:\/\/www.sudoestehoje.com.br\/novoportal\/wp-json\/wp\/v2\/posts"}],"about":[{"href":"https:\/\/www.sudoestehoje.com.br\/novoportal\/wp-json\/wp\/v2\/types\/post"}],"author":[{"embeddable":true,"href":"https:\/\/www.sudoestehoje.com.br\/novoportal\/wp-json\/wp\/v2\/users\/2"}],"replies":[{"embeddable":true,"href":"https:\/\/www.sudoestehoje.com.br\/novoportal\/wp-json\/wp\/v2\/comments?post=87777"}],"version-history":[{"count":2,"href":"https:\/\/www.sudoestehoje.com.br\/novoportal\/wp-json\/wp\/v2\/posts\/87777\/revisions"}],"predecessor-version":[{"id":87780,"href":"https:\/\/www.sudoestehoje.com.br\/novoportal\/wp-json\/wp\/v2\/posts\/87777\/revisions\/87780"}],"wp:featuredmedia":[{"embeddable":true,"href":"https:\/\/www.sudoestehoje.com.br\/novoportal\/wp-json\/wp\/v2\/media\/87779"}],"wp:attachment":[{"href":"https:\/\/www.sudoestehoje.com.br\/novoportal\/wp-json\/wp\/v2\/media?parent=87777"}],"wp:term":[{"taxonomy":"category","embeddable":true,"href":"https:\/\/www.sudoestehoje.com.br\/novoportal\/wp-json\/wp\/v2\/categories?post=87777"},{"taxonomy":"post_tag","embeddable":true,"href":"https:\/\/www.sudoestehoje.com.br\/novoportal\/wp-json\/wp\/v2\/tags?post=87777"}],"curies":[{"name":"wp","href":"https:\/\/api.w.org\/{rel}","templated":true}]}}