
{"id":87768,"date":"2020-06-23T11:59:54","date_gmt":"2020-06-23T14:59:54","guid":{"rendered":"https:\/\/www.sudoestehoje.com.br\/novoportal\/?p=87768"},"modified":"2020-06-23T11:59:54","modified_gmt":"2020-06-23T14:59:54","slug":"conquista-ministerio-publico-entra-com-acao-na-justica-para-fechar-comercio","status":"publish","type":"post","link":"https:\/\/www.sudoestehoje.com.br\/novoportal\/2020\/06\/23\/conquista-ministerio-publico-entra-com-acao-na-justica-para-fechar-comercio\/","title":{"rendered":"CONQUISTA: MINIST\u00c9RIO P\u00daBLICO ENTRA COM A\u00c7\u00c3O NA JUSTI\u00c7A PARA FECHAR COM\u00c9RCIO"},"content":{"rendered":"<p><a href=\"https:\/\/www.sudoestehoje.com.br\/novoportal\/wp-content\/uploads\/2020\/06\/CONQUISTA-COMERCIO.jpg\"><img loading=\"lazy\" decoding=\"async\" class=\"aligncenter size-medium wp-image-87770\" src=\"https:\/\/www.sudoestehoje.com.br\/novoportal\/wp-content\/uploads\/2020\/06\/CONQUISTA-COMERCIO-500x327.jpg\" alt=\"\" width=\"500\" height=\"327\" srcset=\"https:\/\/www.sudoestehoje.com.br\/novoportal\/wp-content\/uploads\/2020\/06\/CONQUISTA-COMERCIO-500x327.jpg 500w, https:\/\/www.sudoestehoje.com.br\/novoportal\/wp-content\/uploads\/2020\/06\/CONQUISTA-COMERCIO.jpg 512w\" sizes=\"auto, (max-width: 500px) 100vw, 500px\" \/><\/a><\/p>\n<p>Em publica\u00e7\u00e3o com car\u00e1ter de urg\u00eancia, a promotora p\u00fablica Guiomar Miranda de Oliveira Melo entrou com uma a\u00e7\u00e3o civil p\u00fablica nesta segunda-feira (22) para pedir o fechamento do com\u00e9rcio e outras atividades n\u00e3o essenciais em Vit\u00f3ria da Conquista, no sudoeste baiano.<\/p>\n<p>Na a\u00e7\u00e3o, a promotora destacou as a\u00e7\u00f5es voltadas para combater a prolifera\u00e7\u00e3o do coronav\u00edrus e apontou &#8220;mudan\u00e7a na postura da gest\u00e3o municipal com rela\u00e7\u00e3o \u00e0s medidas preventivas anteriormente adotadas&#8221; ap\u00f3s press\u00f5es populares.<\/p>\n<p>Al\u00e9m disso, o aumento de n\u00famero de casos confirmados e a taxa da ocupa\u00e7\u00e3o dos leitos de UTI foram destacados pela promotora, que classificou a reabertura como &#8220;abuso de poder&#8221;. No total, Vit\u00f3ria da Conquista tem 486 casos confirmados, com 360 curados, 114 casos ativos e duas mortes.<\/p>\n<p>A a\u00e7\u00e3o vai ser julgada pela ju\u00edza Simone de Oliveira Chaves, titular da Primeira Vara de Fazenda P\u00fablica de Vit\u00f3ria da Conquista.<\/p>\n","protected":false},"excerpt":{"rendered":"<p>Em publica\u00e7\u00e3o com car\u00e1ter de urg\u00eancia, a promotora p\u00fablica Guiomar Miranda de Oliveira Melo entrou com uma a\u00e7\u00e3o civil p\u00fablica nesta segunda-feira (22) para pedir o fechamento do com\u00e9rcio e outras atividades n\u00e3o essenciais em Vit\u00f3ria da Conquista, no sudoeste baiano. Na a\u00e7\u00e3o, a promotora destacou as a\u00e7\u00f5es voltadas para combater a prolifera\u00e7\u00e3o do coronav\u00edrus [&hellip;]<\/p>\n","protected":false},"author":2,"featured_media":87770,"comment_status":"open","ping_status":"open","sticky":false,"template":"","format":"standard","meta":{"footnotes":"","_links_to":"","_links_to_target":""},"categories":[1],"tags":[],"class_list":["post-87768","post","type-post","status-publish","format-standard","has-post-thumbnail","hentry","category-geral"],"views":914,"_links":{"self":[{"href":"https:\/\/www.sudoestehoje.com.br\/novoportal\/wp-json\/wp\/v2\/posts\/87768","targetHints":{"allow":["GET"]}}],"collection":[{"href":"https:\/\/www.sudoestehoje.com.br\/novoportal\/wp-json\/wp\/v2\/posts"}],"about":[{"href":"https:\/\/www.sudoestehoje.com.br\/novoportal\/wp-json\/wp\/v2\/types\/post"}],"author":[{"embeddable":true,"href":"https:\/\/www.sudoestehoje.com.br\/novoportal\/wp-json\/wp\/v2\/users\/2"}],"replies":[{"embeddable":true,"href":"https:\/\/www.sudoestehoje.com.br\/novoportal\/wp-json\/wp\/v2\/comments?post=87768"}],"version-history":[{"count":2,"href":"https:\/\/www.sudoestehoje.com.br\/novoportal\/wp-json\/wp\/v2\/posts\/87768\/revisions"}],"predecessor-version":[{"id":87771,"href":"https:\/\/www.sudoestehoje.com.br\/novoportal\/wp-json\/wp\/v2\/posts\/87768\/revisions\/87771"}],"wp:featuredmedia":[{"embeddable":true,"href":"https:\/\/www.sudoestehoje.com.br\/novoportal\/wp-json\/wp\/v2\/media\/87770"}],"wp:attachment":[{"href":"https:\/\/www.sudoestehoje.com.br\/novoportal\/wp-json\/wp\/v2\/media?parent=87768"}],"wp:term":[{"taxonomy":"category","embeddable":true,"href":"https:\/\/www.sudoestehoje.com.br\/novoportal\/wp-json\/wp\/v2\/categories?post=87768"},{"taxonomy":"post_tag","embeddable":true,"href":"https:\/\/www.sudoestehoje.com.br\/novoportal\/wp-json\/wp\/v2\/tags?post=87768"}],"curies":[{"name":"wp","href":"https:\/\/api.w.org\/{rel}","templated":true}]}}