
{"id":87764,"date":"2020-06-23T11:11:18","date_gmt":"2020-06-23T14:11:18","guid":{"rendered":"https:\/\/www.sudoestehoje.com.br\/novoportal\/?p=87764"},"modified":"2020-06-23T11:11:18","modified_gmt":"2020-06-23T14:11:18","slug":"consorcio-nordeste-alugou-sala-por-r-23-milhoes-em-brasilia-rui-costa-e-o-presidente","status":"publish","type":"post","link":"https:\/\/www.sudoestehoje.com.br\/novoportal\/2020\/06\/23\/consorcio-nordeste-alugou-sala-por-r-23-milhoes-em-brasilia-rui-costa-e-o-presidente\/","title":{"rendered":"CONS\u00d3RCIO NORDESTE ALUGOU SALA POR R$ 2,3 MILH\u00d5ES EM BRAS\u00cdLIA; RUI COSTA \u00c9 O PRESIDENTE"},"content":{"rendered":"<p><a href=\"https:\/\/www.sudoestehoje.com.br\/novoportal\/wp-content\/uploads\/2020\/06\/cons\u00f3rcio-nordeste-sala.jpg\"><img loading=\"lazy\" decoding=\"async\" class=\"aligncenter size-medium wp-image-87765\" src=\"https:\/\/www.sudoestehoje.com.br\/novoportal\/wp-content\/uploads\/2020\/06\/cons\u00f3rcio-nordeste-sala-500x260.jpg\" alt=\"\" width=\"500\" height=\"260\" srcset=\"https:\/\/www.sudoestehoje.com.br\/novoportal\/wp-content\/uploads\/2020\/06\/cons\u00f3rcio-nordeste-sala-500x260.jpg 500w, https:\/\/www.sudoestehoje.com.br\/novoportal\/wp-content\/uploads\/2020\/06\/cons\u00f3rcio-nordeste-sala.jpg 540w\" sizes=\"auto, (max-width: 500px) 100vw, 500px\" \/><\/a><\/p>\n<p>O cons\u00f3rcio composto pelos nove estados do Nordeste e gerido pelo governador Rui Costa assinou um contrato de loca\u00e7\u00e3o de uma sala em Bras\u00edlia por R$ 38 mil mensais, cerca de R$ 2,3 milh\u00f5es at\u00e9 o final do contrato acordado em 60 meses.<\/p>\n<p>De acordo com o jornalista Marcelo Jos\u00e9, o contrato foi assinado em 27 de novembro de 2019 e tem vig\u00eancia at\u00e9 novembro de 2024, dois anos ap\u00f3s o t\u00e9rmino dos mandatos dos atuais governadores.<\/p>\n<p>O im\u00f3vel \u00e9 descrito como uma sala, situada em uma sobreloja, com \u00e1rea privativa de 342 m2 , \u00e1rea comum de divis\u00e3o proporcional de 56,30 m2, \u00e1rea total de 398,30 m2. O contrato foi assinado pelo secret\u00e1rio-executivo do Cons\u00f3rcio Nordeste, Carlos Gabas. <em><strong>\/\/Bahia Not\u00edcias<\/strong><\/em><\/p>\n","protected":false},"excerpt":{"rendered":"<p>O cons\u00f3rcio composto pelos nove estados do Nordeste e gerido pelo governador Rui Costa assinou um contrato de loca\u00e7\u00e3o de uma sala em Bras\u00edlia por R$ 38 mil mensais, cerca de R$ 2,3 milh\u00f5es at\u00e9 o final do contrato acordado em 60 meses. De acordo com o jornalista Marcelo Jos\u00e9, o contrato foi assinado em [&hellip;]<\/p>\n","protected":false},"author":2,"featured_media":87765,"comment_status":"open","ping_status":"open","sticky":false,"template":"","format":"standard","meta":{"footnotes":"","_links_to":"","_links_to_target":""},"categories":[1],"tags":[],"class_list":["post-87764","post","type-post","status-publish","format-standard","has-post-thumbnail","hentry","category-geral"],"views":1761,"_links":{"self":[{"href":"https:\/\/www.sudoestehoje.com.br\/novoportal\/wp-json\/wp\/v2\/posts\/87764","targetHints":{"allow":["GET"]}}],"collection":[{"href":"https:\/\/www.sudoestehoje.com.br\/novoportal\/wp-json\/wp\/v2\/posts"}],"about":[{"href":"https:\/\/www.sudoestehoje.com.br\/novoportal\/wp-json\/wp\/v2\/types\/post"}],"author":[{"embeddable":true,"href":"https:\/\/www.sudoestehoje.com.br\/novoportal\/wp-json\/wp\/v2\/users\/2"}],"replies":[{"embeddable":true,"href":"https:\/\/www.sudoestehoje.com.br\/novoportal\/wp-json\/wp\/v2\/comments?post=87764"}],"version-history":[{"count":2,"href":"https:\/\/www.sudoestehoje.com.br\/novoportal\/wp-json\/wp\/v2\/posts\/87764\/revisions"}],"predecessor-version":[{"id":87767,"href":"https:\/\/www.sudoestehoje.com.br\/novoportal\/wp-json\/wp\/v2\/posts\/87764\/revisions\/87767"}],"wp:featuredmedia":[{"embeddable":true,"href":"https:\/\/www.sudoestehoje.com.br\/novoportal\/wp-json\/wp\/v2\/media\/87765"}],"wp:attachment":[{"href":"https:\/\/www.sudoestehoje.com.br\/novoportal\/wp-json\/wp\/v2\/media?parent=87764"}],"wp:term":[{"taxonomy":"category","embeddable":true,"href":"https:\/\/www.sudoestehoje.com.br\/novoportal\/wp-json\/wp\/v2\/categories?post=87764"},{"taxonomy":"post_tag","embeddable":true,"href":"https:\/\/www.sudoestehoje.com.br\/novoportal\/wp-json\/wp\/v2\/tags?post=87764"}],"curies":[{"name":"wp","href":"https:\/\/api.w.org\/{rel}","templated":true}]}}