
{"id":87759,"date":"2020-06-22T21:03:36","date_gmt":"2020-06-23T00:03:36","guid":{"rendered":"https:\/\/www.sudoestehoje.com.br\/novoportal\/?p=87759"},"modified":"2020-06-22T21:03:36","modified_gmt":"2020-06-23T00:03:36","slug":"iguai-ja-registrou-142-casos-de-coronavirus","status":"publish","type":"post","link":"https:\/\/www.sudoestehoje.com.br\/novoportal\/2020\/06\/22\/iguai-ja-registrou-142-casos-de-coronavirus\/","title":{"rendered":"IGUA\u00cd J\u00c1 REGISTROU 142 CASOS DE CORONAV\u00cdRUS"},"content":{"rendered":"<p><a href=\"https:\/\/www.sudoestehoje.com.br\/novoportal\/wp-content\/uploads\/2020\/06\/142-igua\u00ed.jpg\"><img loading=\"lazy\" decoding=\"async\" class=\"aligncenter size-medium wp-image-87761\" src=\"https:\/\/www.sudoestehoje.com.br\/novoportal\/wp-content\/uploads\/2020\/06\/142-igua\u00ed-500x391.jpg\" alt=\"\" width=\"500\" height=\"391\" srcset=\"https:\/\/www.sudoestehoje.com.br\/novoportal\/wp-content\/uploads\/2020\/06\/142-igua\u00ed-500x391.jpg 500w, https:\/\/www.sudoestehoje.com.br\/novoportal\/wp-content\/uploads\/2020\/06\/142-igua\u00ed-700x547.jpg 700w, https:\/\/www.sudoestehoje.com.br\/novoportal\/wp-content\/uploads\/2020\/06\/142-igua\u00ed-768x600.jpg 768w, https:\/\/www.sudoestehoje.com.br\/novoportal\/wp-content\/uploads\/2020\/06\/142-igua\u00ed.jpg 960w\" sizes=\"auto, (max-width: 500px) 100vw, 500px\" \/><\/a><\/p>\n<p>At\u00e9 esta segunda-feira (22), o munic\u00edpio de Igua\u00ed, no sudoeste, alcan\u00e7ou a marca de 142 casos da Covid-19, de acordo com novo boletim da prefeitura, divulgado no in\u00edcio da noite de hoje.<\/p>\n<p>Na micro-regi\u00e3o, Igua\u00ed lidera o ranking dos mais infectados, seguido de Itapetinga, cidade mais populosa do m\u00e9dio sudoeste, que chegou \u00e0 marca dos 126 casos, de acordo com o \u00faltimo boletim.<\/p>\n<p>Apenas o munic\u00edpio de Firmino Alves ainda n\u00e3o registrou nenhum caso do novo v\u00edrus, dentre os 13 que comp\u00f5em o territ\u00f3rio do m\u00e9dio sudoeste.<\/p>\n<p><strong><em>Por Davi Ferraz<\/em><\/strong><\/p>\n","protected":false},"excerpt":{"rendered":"<p>At\u00e9 esta segunda-feira (22), o munic\u00edpio de Igua\u00ed, no sudoeste, alcan\u00e7ou a marca de 142 casos da Covid-19, de acordo com novo boletim da prefeitura, divulgado no in\u00edcio da noite de hoje. Na micro-regi\u00e3o, Igua\u00ed lidera o ranking dos mais infectados, seguido de Itapetinga, cidade mais populosa do m\u00e9dio sudoeste, que chegou \u00e0 marca dos [&hellip;]<\/p>\n","protected":false},"author":2,"featured_media":87761,"comment_status":"open","ping_status":"open","sticky":false,"template":"","format":"standard","meta":{"footnotes":"","_links_to":"","_links_to_target":""},"categories":[1],"tags":[],"class_list":["post-87759","post","type-post","status-publish","format-standard","has-post-thumbnail","hentry","category-geral"],"views":981,"_links":{"self":[{"href":"https:\/\/www.sudoestehoje.com.br\/novoportal\/wp-json\/wp\/v2\/posts\/87759","targetHints":{"allow":["GET"]}}],"collection":[{"href":"https:\/\/www.sudoestehoje.com.br\/novoportal\/wp-json\/wp\/v2\/posts"}],"about":[{"href":"https:\/\/www.sudoestehoje.com.br\/novoportal\/wp-json\/wp\/v2\/types\/post"}],"author":[{"embeddable":true,"href":"https:\/\/www.sudoestehoje.com.br\/novoportal\/wp-json\/wp\/v2\/users\/2"}],"replies":[{"embeddable":true,"href":"https:\/\/www.sudoestehoje.com.br\/novoportal\/wp-json\/wp\/v2\/comments?post=87759"}],"version-history":[{"count":3,"href":"https:\/\/www.sudoestehoje.com.br\/novoportal\/wp-json\/wp\/v2\/posts\/87759\/revisions"}],"predecessor-version":[{"id":87763,"href":"https:\/\/www.sudoestehoje.com.br\/novoportal\/wp-json\/wp\/v2\/posts\/87759\/revisions\/87763"}],"wp:featuredmedia":[{"embeddable":true,"href":"https:\/\/www.sudoestehoje.com.br\/novoportal\/wp-json\/wp\/v2\/media\/87761"}],"wp:attachment":[{"href":"https:\/\/www.sudoestehoje.com.br\/novoportal\/wp-json\/wp\/v2\/media?parent=87759"}],"wp:term":[{"taxonomy":"category","embeddable":true,"href":"https:\/\/www.sudoestehoje.com.br\/novoportal\/wp-json\/wp\/v2\/categories?post=87759"},{"taxonomy":"post_tag","embeddable":true,"href":"https:\/\/www.sudoestehoje.com.br\/novoportal\/wp-json\/wp\/v2\/tags?post=87759"}],"curies":[{"name":"wp","href":"https:\/\/api.w.org\/{rel}","templated":true}]}}