
{"id":87751,"date":"2020-06-22T19:18:06","date_gmt":"2020-06-22T22:18:06","guid":{"rendered":"https:\/\/www.sudoestehoje.com.br\/novoportal\/?p=87751"},"modified":"2020-06-22T19:18:06","modified_gmt":"2020-06-22T22:18:06","slug":"itapetinga-acumula-126-casos-da-covid-19","status":"publish","type":"post","link":"https:\/\/www.sudoestehoje.com.br\/novoportal\/2020\/06\/22\/itapetinga-acumula-126-casos-da-covid-19\/","title":{"rendered":"ITAPETINGA ACUMULA 126 CASOS DA COVID-19"},"content":{"rendered":"<p><a href=\"https:\/\/www.sudoestehoje.com.br\/novoportal\/wp-content\/uploads\/2020\/06\/126-CASOS-ITAP.jpeg\"><img loading=\"lazy\" decoding=\"async\" class=\"aligncenter size-medium wp-image-87752\" src=\"https:\/\/www.sudoestehoje.com.br\/novoportal\/wp-content\/uploads\/2020\/06\/126-CASOS-ITAP-394x700.jpeg\" alt=\"\" width=\"394\" height=\"700\" srcset=\"https:\/\/www.sudoestehoje.com.br\/novoportal\/wp-content\/uploads\/2020\/06\/126-CASOS-ITAP-394x700.jpeg 394w, https:\/\/www.sudoestehoje.com.br\/novoportal\/wp-content\/uploads\/2020\/06\/126-CASOS-ITAP-506x900.jpeg 506w, https:\/\/www.sudoestehoje.com.br\/novoportal\/wp-content\/uploads\/2020\/06\/126-CASOS-ITAP.jpeg 720w\" sizes=\"auto, (max-width: 394px) 100vw, 394px\" \/><\/a><\/p>\n<p>Um novo boletim divulgado pela Secretaria Municipal de Sa\u00fade, nesta segunda-feira (22) mostra crescimento preocupante da Covid-19 em Itapetinga, que passou de 113 casos positivos, para 126.<\/p>\n<p>Por esta raz\u00e3o, a prefeitura vem adotando medidas restritivas para conter o avan\u00e7o do v\u00edrus, e para isso \u00e9 preciso que a popula\u00e7\u00e3o colabores, evitando aglomera\u00e7\u00f5es e contatos desnecess\u00e1rios com outras pessoas.<\/p>\n<p>O crescimento do novo v\u00edrus nas cidades do interior \u00e9 o maior desafio dos gestores municipais, j\u00e1 que n\u00e3o contam com nenhum apoio por parte do Governo do Estado, que se mant\u00e9m distante e inoperante.<\/p>\n<p><strong><em>Por Davi Ferraz\u00a0<\/em><\/strong><\/p>\n","protected":false},"excerpt":{"rendered":"<p>Um novo boletim divulgado pela Secretaria Municipal de Sa\u00fade, nesta segunda-feira (22) mostra crescimento preocupante da Covid-19 em Itapetinga, que passou de 113 casos positivos, para 126. Por esta raz\u00e3o, a prefeitura vem adotando medidas restritivas para conter o avan\u00e7o do v\u00edrus, e para isso \u00e9 preciso que a popula\u00e7\u00e3o colabores, evitando aglomera\u00e7\u00f5es e contatos [&hellip;]<\/p>\n","protected":false},"author":2,"featured_media":87752,"comment_status":"open","ping_status":"open","sticky":false,"template":"","format":"standard","meta":{"footnotes":"","_links_to":"","_links_to_target":""},"categories":[1],"tags":[],"class_list":["post-87751","post","type-post","status-publish","format-standard","has-post-thumbnail","hentry","category-geral"],"views":1003,"_links":{"self":[{"href":"https:\/\/www.sudoestehoje.com.br\/novoportal\/wp-json\/wp\/v2\/posts\/87751","targetHints":{"allow":["GET"]}}],"collection":[{"href":"https:\/\/www.sudoestehoje.com.br\/novoportal\/wp-json\/wp\/v2\/posts"}],"about":[{"href":"https:\/\/www.sudoestehoje.com.br\/novoportal\/wp-json\/wp\/v2\/types\/post"}],"author":[{"embeddable":true,"href":"https:\/\/www.sudoestehoje.com.br\/novoportal\/wp-json\/wp\/v2\/users\/2"}],"replies":[{"embeddable":true,"href":"https:\/\/www.sudoestehoje.com.br\/novoportal\/wp-json\/wp\/v2\/comments?post=87751"}],"version-history":[{"count":1,"href":"https:\/\/www.sudoestehoje.com.br\/novoportal\/wp-json\/wp\/v2\/posts\/87751\/revisions"}],"predecessor-version":[{"id":87753,"href":"https:\/\/www.sudoestehoje.com.br\/novoportal\/wp-json\/wp\/v2\/posts\/87751\/revisions\/87753"}],"wp:featuredmedia":[{"embeddable":true,"href":"https:\/\/www.sudoestehoje.com.br\/novoportal\/wp-json\/wp\/v2\/media\/87752"}],"wp:attachment":[{"href":"https:\/\/www.sudoestehoje.com.br\/novoportal\/wp-json\/wp\/v2\/media?parent=87751"}],"wp:term":[{"taxonomy":"category","embeddable":true,"href":"https:\/\/www.sudoestehoje.com.br\/novoportal\/wp-json\/wp\/v2\/categories?post=87751"},{"taxonomy":"post_tag","embeddable":true,"href":"https:\/\/www.sudoestehoje.com.br\/novoportal\/wp-json\/wp\/v2\/tags?post=87751"}],"curies":[{"name":"wp","href":"https:\/\/api.w.org\/{rel}","templated":true}]}}