
{"id":87747,"date":"2020-06-22T12:44:11","date_gmt":"2020-06-22T15:44:11","guid":{"rendered":"https:\/\/www.sudoestehoje.com.br\/novoportal\/?p=87747"},"modified":"2020-06-22T12:44:11","modified_gmt":"2020-06-22T15:44:11","slug":"teixeira-de-freitas-acumula-914-casos-da-covid-19-e-12-obitos","status":"publish","type":"post","link":"https:\/\/www.sudoestehoje.com.br\/novoportal\/2020\/06\/22\/teixeira-de-freitas-acumula-914-casos-da-covid-19-e-12-obitos\/","title":{"rendered":"TEIXEIRA DE FREITAS ACUMULA 914 CASOS DA COVID-19 E 12 \u00d3BITOS"},"content":{"rendered":"<p><a href=\"https:\/\/www.sudoestehoje.com.br\/novoportal\/wp-content\/uploads\/2020\/06\/HOSPITAL-TEIXEIRA.jpeg\"><img loading=\"lazy\" decoding=\"async\" class=\"aligncenter size-medium wp-image-87749\" src=\"https:\/\/www.sudoestehoje.com.br\/novoportal\/wp-content\/uploads\/2020\/06\/HOSPITAL-TEIXEIRA-500x333.jpeg\" alt=\"\" width=\"500\" height=\"333\" srcset=\"https:\/\/www.sudoestehoje.com.br\/novoportal\/wp-content\/uploads\/2020\/06\/HOSPITAL-TEIXEIRA-500x333.jpeg 500w, https:\/\/www.sudoestehoje.com.br\/novoportal\/wp-content\/uploads\/2020\/06\/HOSPITAL-TEIXEIRA-700x467.jpeg 700w, https:\/\/www.sudoestehoje.com.br\/novoportal\/wp-content\/uploads\/2020\/06\/HOSPITAL-TEIXEIRA-768x512.jpeg 768w, https:\/\/www.sudoestehoje.com.br\/novoportal\/wp-content\/uploads\/2020\/06\/HOSPITAL-TEIXEIRA.jpeg 1152w\" sizes=\"auto, (max-width: 500px) 100vw, 500px\" \/><\/a><\/p>\n<p><strong>Com o maior n\u00famero de casos na regi\u00e3o do Extremo Sul baiano, Teixeira de Freitas chegou a 914 casos de novo coronav\u00edrus e 12 mortes decorrentes. A informa\u00e7\u00e3o \u00e9 do boletim epidemiol\u00f3gico municipal divulgado na noite deste domingo (21). Segundo a prefeitura, o \u00faltimo \u00f3bito foi confirmado neste domingo tamb\u00e9m. A v\u00edtima era um idoso de 90 anos. Ele morreu em casa no \u00faltimo dia 17 de junho.<\/strong><\/p>\n<p><strong>Ainda segundo o boletim, dos 914 registros positivos da Covid-19, 761 j\u00e1 est\u00e3o recuperados. Al\u00e9m disso, 832 casos foram descartados. Ainda h\u00e1 23 casos suspeitos em aguardo do resultado da an\u00e1lise pelo Laborat\u00f3rio Central da Bahia (Lacen). Na cidade, 19 pacientes est\u00e3o internados na rede p\u00fablica, entre leitos de UTI e enfermaria.<\/strong><\/p>\n","protected":false},"excerpt":{"rendered":"<p>Com o maior n\u00famero de casos na regi\u00e3o do Extremo Sul baiano, Teixeira de Freitas chegou a 914 casos de novo coronav\u00edrus e 12 mortes decorrentes. A informa\u00e7\u00e3o \u00e9 do boletim epidemiol\u00f3gico municipal divulgado na noite deste domingo (21). Segundo a prefeitura, o \u00faltimo \u00f3bito foi confirmado neste domingo tamb\u00e9m. A v\u00edtima era um idoso [&hellip;]<\/p>\n","protected":false},"author":2,"featured_media":87749,"comment_status":"open","ping_status":"open","sticky":false,"template":"","format":"standard","meta":{"footnotes":"","_links_to":"","_links_to_target":""},"categories":[1],"tags":[],"class_list":["post-87747","post","type-post","status-publish","format-standard","has-post-thumbnail","hentry","category-geral"],"views":920,"_links":{"self":[{"href":"https:\/\/www.sudoestehoje.com.br\/novoportal\/wp-json\/wp\/v2\/posts\/87747","targetHints":{"allow":["GET"]}}],"collection":[{"href":"https:\/\/www.sudoestehoje.com.br\/novoportal\/wp-json\/wp\/v2\/posts"}],"about":[{"href":"https:\/\/www.sudoestehoje.com.br\/novoportal\/wp-json\/wp\/v2\/types\/post"}],"author":[{"embeddable":true,"href":"https:\/\/www.sudoestehoje.com.br\/novoportal\/wp-json\/wp\/v2\/users\/2"}],"replies":[{"embeddable":true,"href":"https:\/\/www.sudoestehoje.com.br\/novoportal\/wp-json\/wp\/v2\/comments?post=87747"}],"version-history":[{"count":2,"href":"https:\/\/www.sudoestehoje.com.br\/novoportal\/wp-json\/wp\/v2\/posts\/87747\/revisions"}],"predecessor-version":[{"id":87750,"href":"https:\/\/www.sudoestehoje.com.br\/novoportal\/wp-json\/wp\/v2\/posts\/87747\/revisions\/87750"}],"wp:featuredmedia":[{"embeddable":true,"href":"https:\/\/www.sudoestehoje.com.br\/novoportal\/wp-json\/wp\/v2\/media\/87749"}],"wp:attachment":[{"href":"https:\/\/www.sudoestehoje.com.br\/novoportal\/wp-json\/wp\/v2\/media?parent=87747"}],"wp:term":[{"taxonomy":"category","embeddable":true,"href":"https:\/\/www.sudoestehoje.com.br\/novoportal\/wp-json\/wp\/v2\/categories?post=87747"},{"taxonomy":"post_tag","embeddable":true,"href":"https:\/\/www.sudoestehoje.com.br\/novoportal\/wp-json\/wp\/v2\/tags?post=87747"}],"curies":[{"name":"wp","href":"https:\/\/api.w.org\/{rel}","templated":true}]}}