
{"id":87743,"date":"2020-06-22T12:21:33","date_gmt":"2020-06-22T15:21:33","guid":{"rendered":"https:\/\/www.sudoestehoje.com.br\/novoportal\/?p=87743"},"modified":"2020-06-22T12:21:33","modified_gmt":"2020-06-22T15:21:33","slug":"vaquinha-para-seu-edson-e-encerrada-apos-ser-descoberto-que-ele-nao-era-da-bahia","status":"publish","type":"post","link":"https:\/\/www.sudoestehoje.com.br\/novoportal\/2020\/06\/22\/vaquinha-para-seu-edson-e-encerrada-apos-ser-descoberto-que-ele-nao-era-da-bahia\/","title":{"rendered":"VAQUINHA PARA &#8216;SEU EDSON&#8217; \u00c9 ENCERRADA AP\u00d3S SER DESCOBERTO QUE ELE N\u00c3O ERA DA BAHIA"},"content":{"rendered":"<p><a href=\"https:\/\/www.sudoestehoje.com.br\/novoportal\/wp-content\/uploads\/2020\/06\/seu-edson.jpg\"><img loading=\"lazy\" decoding=\"async\" class=\"aligncenter size-medium wp-image-87745\" src=\"https:\/\/www.sudoestehoje.com.br\/novoportal\/wp-content\/uploads\/2020\/06\/seu-edson-500x260.jpg\" alt=\"\" width=\"500\" height=\"260\" srcset=\"https:\/\/www.sudoestehoje.com.br\/novoportal\/wp-content\/uploads\/2020\/06\/seu-edson-500x260.jpg 500w, https:\/\/www.sudoestehoje.com.br\/novoportal\/wp-content\/uploads\/2020\/06\/seu-edson.jpg 540w\" sizes=\"auto, (max-width: 500px) 100vw, 500px\" \/><\/a><\/p>\n<p><strong>A hist\u00f3ria de Edson Rodrigues, 50 anos, que vive h\u00e1 seis anos em situa\u00e7\u00e3o de rua em S\u00e3o Paulo, divulgada pelo Bahia Not\u00edcias neste s\u00e1bado (20) (<a href=\"https:\/\/www.bahianoticias.com.br\/noticia\/249963-ajude-seu-edsonhomem-em-situacao-de-rua-em-sp-procura-filho-em-salvador.html\" target=\"_blank\" rel=\"noopener noreferrer\">reveja aqui<\/a>), j\u00e1 pode entrar para o rol dos &#8220;finais felizes&#8221;. Edson contou que tinha familiares em Salvador e gostaria de retornar \u00e0\u00a0capital baiana para reencontr\u00e1-los. A repercuss\u00e3o do caso chegou a mobilizar a empresa baiana Naturalle, que se disp\u00f4s a\u00a0custear a viagem para Salvador e garantiu emprego ao homem que, at\u00e9 ent\u00e3o, sobrevivia catando materiais recicl\u00e1veis.\u00a0<\/strong><\/p>\n<p><strong>At\u00e9 este domingo (20), Edson Rodrigues foi &#8220;considerado&#8221; baiano, com base na publica\u00e7\u00e3o em que sua hist\u00f3ria foi publicizada pela psic\u00f3loga Laisa Teixeira. No entanto, a informa\u00e7\u00e3o foi corrigida pela autora. Em contato com o BN ela explicou que, ap\u00f3s a oferta de ajuda para a vinda de Edson para\u00a0capital baiana, onde ele afirma ter um filho e dois netos, ele teria detalhado melhor a situa\u00e7\u00e3o e confirmou que \u00e9 natural de S\u00e3o Paulo.<\/strong><\/p>\n<p><strong>\u00a0<\/strong><strong>Laisa contou ainda que familiares de Edson que residem naquele estado foram localizados e, por isso, a vaquinha virtual criada para ajud\u00e1-lo foi encerrada. O homem decidiu permanecer em S\u00e3o Paulo.<\/strong><\/p>\n<p><strong>N\u00e3o h\u00e1, no entanto, informa\u00e7\u00f5es sobre o filho de nome Washington Rodrigues Filho, de aproximadamente 32 anos, que ele afirma residir em Salvador.<\/strong><\/p>\n","protected":false},"excerpt":{"rendered":"<p>A hist\u00f3ria de Edson Rodrigues, 50 anos, que vive h\u00e1 seis anos em situa\u00e7\u00e3o de rua em S\u00e3o Paulo, divulgada pelo Bahia Not\u00edcias neste s\u00e1bado (20) (reveja aqui), j\u00e1 pode entrar para o rol dos &#8220;finais felizes&#8221;. Edson contou que tinha familiares em Salvador e gostaria de retornar \u00e0\u00a0capital baiana para reencontr\u00e1-los. A repercuss\u00e3o do [&hellip;]<\/p>\n","protected":false},"author":2,"featured_media":87745,"comment_status":"open","ping_status":"open","sticky":false,"template":"","format":"standard","meta":{"footnotes":"","_links_to":"","_links_to_target":""},"categories":[1],"tags":[],"class_list":["post-87743","post","type-post","status-publish","format-standard","has-post-thumbnail","hentry","category-geral"],"views":1243,"_links":{"self":[{"href":"https:\/\/www.sudoestehoje.com.br\/novoportal\/wp-json\/wp\/v2\/posts\/87743","targetHints":{"allow":["GET"]}}],"collection":[{"href":"https:\/\/www.sudoestehoje.com.br\/novoportal\/wp-json\/wp\/v2\/posts"}],"about":[{"href":"https:\/\/www.sudoestehoje.com.br\/novoportal\/wp-json\/wp\/v2\/types\/post"}],"author":[{"embeddable":true,"href":"https:\/\/www.sudoestehoje.com.br\/novoportal\/wp-json\/wp\/v2\/users\/2"}],"replies":[{"embeddable":true,"href":"https:\/\/www.sudoestehoje.com.br\/novoportal\/wp-json\/wp\/v2\/comments?post=87743"}],"version-history":[{"count":2,"href":"https:\/\/www.sudoestehoje.com.br\/novoportal\/wp-json\/wp\/v2\/posts\/87743\/revisions"}],"predecessor-version":[{"id":87746,"href":"https:\/\/www.sudoestehoje.com.br\/novoportal\/wp-json\/wp\/v2\/posts\/87743\/revisions\/87746"}],"wp:featuredmedia":[{"embeddable":true,"href":"https:\/\/www.sudoestehoje.com.br\/novoportal\/wp-json\/wp\/v2\/media\/87745"}],"wp:attachment":[{"href":"https:\/\/www.sudoestehoje.com.br\/novoportal\/wp-json\/wp\/v2\/media?parent=87743"}],"wp:term":[{"taxonomy":"category","embeddable":true,"href":"https:\/\/www.sudoestehoje.com.br\/novoportal\/wp-json\/wp\/v2\/categories?post=87743"},{"taxonomy":"post_tag","embeddable":true,"href":"https:\/\/www.sudoestehoje.com.br\/novoportal\/wp-json\/wp\/v2\/tags?post=87743"}],"curies":[{"name":"wp","href":"https:\/\/api.w.org\/{rel}","templated":true}]}}