
{"id":87737,"date":"2020-06-21T21:06:54","date_gmt":"2020-06-22T00:06:54","guid":{"rendered":"https:\/\/www.sudoestehoje.com.br\/novoportal\/?p=87737"},"modified":"2020-06-21T21:06:54","modified_gmt":"2020-06-22T00:06:54","slug":"covid-19-mp-recomenda-que-municipios-proibam-fogueiras-e-fogos-de-artificio","status":"publish","type":"post","link":"https:\/\/www.sudoestehoje.com.br\/novoportal\/2020\/06\/21\/covid-19-mp-recomenda-que-municipios-proibam-fogueiras-e-fogos-de-artificio\/","title":{"rendered":"COVID-19: MP RECOMENDA QUE MUNIC\u00cdPIOS PRO\u00cdBAM FOGUEIRAS E FOGOS DE ARTIF\u00cdCIO"},"content":{"rendered":"<header id=\"header\" class=\"container content-section\">\n<div class=\"row\">\n<div class=\"col-md-3 col-sm-12 col-xs-12 logo\"><\/div>\n<\/div>\n<\/header>\n<section class=\"container content-section\">\n<div class=\"row\">\n<section class=\"col-md-8\">\n<section class=\"post_content content-noticias clearfix\"><a href=\"https:\/\/www.sudoestehoje.com.br\/novoportal\/wp-content\/uploads\/2020\/06\/FOGUEIRAS.jpg\"><img loading=\"lazy\" decoding=\"async\" class=\"aligncenter size-medium wp-image-87740\" src=\"https:\/\/www.sudoestehoje.com.br\/novoportal\/wp-content\/uploads\/2020\/06\/FOGUEIRAS-500x274.jpg\" alt=\"\" width=\"500\" height=\"274\" srcset=\"https:\/\/www.sudoestehoje.com.br\/novoportal\/wp-content\/uploads\/2020\/06\/FOGUEIRAS-500x274.jpg 500w, https:\/\/www.sudoestehoje.com.br\/novoportal\/wp-content\/uploads\/2020\/06\/FOGUEIRAS-700x383.jpg 700w, https:\/\/www.sudoestehoje.com.br\/novoportal\/wp-content\/uploads\/2020\/06\/FOGUEIRAS-768x421.jpg 768w, https:\/\/www.sudoestehoje.com.br\/novoportal\/wp-content\/uploads\/2020\/06\/FOGUEIRAS.jpg 1024w\" sizes=\"auto, (max-width: 500px) 100vw, 500px\" \/><\/a><\/p>\n<p>O Minist\u00e9rio P\u00fablico da Bahia recomendou \u00e0s prefeituras Santo Ant\u00f4nio de Jesus, Varzedo, Dom Macedo Costa e Mutu\u00edpe que pro\u00edbam o acendimento de fogueiras e queimas de fogos de artif\u00edcio, em locais p\u00fablicos ou privados, em raz\u00e3o da pandemia da Covid-19.<\/p>\n<p>Com a proximidade da data oficial S\u00e3o Jo\u00e3o, 24 de junho, a pr\u00e1tica tradicional eleva os riscos de doen\u00e7as e problemas respirat\u00f3rias, bem como queimadura e acidentes, podendo impactar na procura das unidades de sa\u00fade e, com isso, agravando a superlota\u00e7\u00e3o da rede hospitalar.<\/p>\n<p>O MP-BA indica que os gestores municipais editem ato normativo determinando a proibi\u00e7\u00e3o. O \u00f3rg\u00e3o recomenda ainda que seja feito o uso do poder de pol\u00edcia, caso necess\u00e1rio, para o cumprimento da determina\u00e7\u00e3o.<\/p>\n<p>Al\u00e9m disso, a orienta\u00e7\u00e3o \u00e9 para tamb\u00e9m indicar medidas administrativas para coibir a desobedi\u00eancia ao ato, a exemplo de suspens\u00e3o concess\u00e3o e renova\u00e7\u00e3o de autoriza\u00e7\u00f5es para estabelecimento de venda de fogos de artif\u00edcio, cassa\u00e7\u00e3o das autoriza\u00e7\u00f5es j\u00e1 concedidas, fiscaliza\u00e7\u00e3o para impedir acendimento de fogueiras e queima de fogos e aplica\u00e7\u00e3o de san\u00e7\u00f5es, como multa e apreens\u00e3o de material.<\/p>\n<\/section>\n<\/section>\n<\/div>\n<\/section>\n","protected":false},"excerpt":{"rendered":"<p>O Minist\u00e9rio P\u00fablico da Bahia recomendou \u00e0s prefeituras Santo Ant\u00f4nio de Jesus, Varzedo, Dom Macedo Costa e Mutu\u00edpe que pro\u00edbam o acendimento de fogueiras e queimas de fogos de artif\u00edcio, em locais p\u00fablicos ou privados, em raz\u00e3o da pandemia da Covid-19. Com a proximidade da data oficial S\u00e3o Jo\u00e3o, 24 de junho, a pr\u00e1tica tradicional [&hellip;]<\/p>\n","protected":false},"author":2,"featured_media":87740,"comment_status":"open","ping_status":"open","sticky":false,"template":"","format":"standard","meta":{"footnotes":"","_links_to":"","_links_to_target":""},"categories":[1],"tags":[],"class_list":["post-87737","post","type-post","status-publish","format-standard","has-post-thumbnail","hentry","category-geral"],"views":991,"_links":{"self":[{"href":"https:\/\/www.sudoestehoje.com.br\/novoportal\/wp-json\/wp\/v2\/posts\/87737","targetHints":{"allow":["GET"]}}],"collection":[{"href":"https:\/\/www.sudoestehoje.com.br\/novoportal\/wp-json\/wp\/v2\/posts"}],"about":[{"href":"https:\/\/www.sudoestehoje.com.br\/novoportal\/wp-json\/wp\/v2\/types\/post"}],"author":[{"embeddable":true,"href":"https:\/\/www.sudoestehoje.com.br\/novoportal\/wp-json\/wp\/v2\/users\/2"}],"replies":[{"embeddable":true,"href":"https:\/\/www.sudoestehoje.com.br\/novoportal\/wp-json\/wp\/v2\/comments?post=87737"}],"version-history":[{"count":3,"href":"https:\/\/www.sudoestehoje.com.br\/novoportal\/wp-json\/wp\/v2\/posts\/87737\/revisions"}],"predecessor-version":[{"id":87741,"href":"https:\/\/www.sudoestehoje.com.br\/novoportal\/wp-json\/wp\/v2\/posts\/87737\/revisions\/87741"}],"wp:featuredmedia":[{"embeddable":true,"href":"https:\/\/www.sudoestehoje.com.br\/novoportal\/wp-json\/wp\/v2\/media\/87740"}],"wp:attachment":[{"href":"https:\/\/www.sudoestehoje.com.br\/novoportal\/wp-json\/wp\/v2\/media?parent=87737"}],"wp:term":[{"taxonomy":"category","embeddable":true,"href":"https:\/\/www.sudoestehoje.com.br\/novoportal\/wp-json\/wp\/v2\/categories?post=87737"},{"taxonomy":"post_tag","embeddable":true,"href":"https:\/\/www.sudoestehoje.com.br\/novoportal\/wp-json\/wp\/v2\/tags?post=87737"}],"curies":[{"name":"wp","href":"https:\/\/api.w.org\/{rel}","templated":true}]}}