
{"id":87726,"date":"2020-06-21T15:32:41","date_gmt":"2020-06-21T18:32:41","guid":{"rendered":"https:\/\/www.sudoestehoje.com.br\/novoportal\/?p=87726"},"modified":"2020-06-21T15:32:41","modified_gmt":"2020-06-21T18:32:41","slug":"luto-morre-o-pecuarista-walter-da-silveira","status":"publish","type":"post","link":"https:\/\/www.sudoestehoje.com.br\/novoportal\/2020\/06\/21\/luto-morre-o-pecuarista-walter-da-silveira\/","title":{"rendered":"LUTO: MORRE O PECUARISTA WALTER DA SILVEIRA"},"content":{"rendered":"<p><a href=\"https:\/\/www.sudoestehoje.com.br\/novoportal\/wp-content\/uploads\/2020\/06\/WALTER.jpeg\"><img loading=\"lazy\" decoding=\"async\" class=\"aligncenter size-medium wp-image-87729\" src=\"https:\/\/www.sudoestehoje.com.br\/novoportal\/wp-content\/uploads\/2020\/06\/WALTER-500x458.jpeg\" alt=\"\" width=\"500\" height=\"458\" srcset=\"https:\/\/www.sudoestehoje.com.br\/novoportal\/wp-content\/uploads\/2020\/06\/WALTER-500x458.jpeg 500w, https:\/\/www.sudoestehoje.com.br\/novoportal\/wp-content\/uploads\/2020\/06\/WALTER.jpeg 595w\" sizes=\"auto, (max-width: 500px) 100vw, 500px\" \/><\/a><\/p>\n<p>Faleceu neste domingo (21), em Itapetinga, o pecuarista <strong>Walter da Silveira<\/strong>, pessoa conhecida e respeitada no meio pecu\u00e1rio em toda a regi\u00e3o.<\/p>\n<p>Walter era s\u00f3cio e frequentador ass\u00edduo da Coopardo, no centro de Itapetinga, local onde muitos pecuaristas e comerciantes de gado se re\u00fanem diariamente para bater papo, realizar neg\u00f3cios e trocar id\u00e9ias sobre a pecu\u00e1ria e pol\u00edtica local.<\/p>\n<p>A fam\u00edlia ainda n\u00e3o informou a causa da sua morte, nem o local do vel\u00f3rio e hor\u00e1rio do sepultamento.<\/p>\n<p>O <strong><em>Sudoeste Hoje<\/em><\/strong> manifesta as suas condol\u00eancias \u00e0 fam\u00edlia enlutada, pela passagem do amigo Walter, pessoa generosa e querida.<\/p>\n<p><em><strong>Davi Ferraz &#8211; Editor<\/strong><\/em><\/p>\n","protected":false},"excerpt":{"rendered":"<p>Faleceu neste domingo (21), em Itapetinga, o pecuarista Walter da Silveira, pessoa conhecida e respeitada no meio pecu\u00e1rio em toda a regi\u00e3o. Walter era s\u00f3cio e frequentador ass\u00edduo da Coopardo, no centro de Itapetinga, local onde muitos pecuaristas e comerciantes de gado se re\u00fanem diariamente para bater papo, realizar neg\u00f3cios e trocar id\u00e9ias sobre a [&hellip;]<\/p>\n","protected":false},"author":2,"featured_media":87729,"comment_status":"open","ping_status":"open","sticky":false,"template":"","format":"standard","meta":{"footnotes":"","_links_to":"","_links_to_target":""},"categories":[1],"tags":[],"class_list":["post-87726","post","type-post","status-publish","format-standard","has-post-thumbnail","hentry","category-geral"],"views":1624,"_links":{"self":[{"href":"https:\/\/www.sudoestehoje.com.br\/novoportal\/wp-json\/wp\/v2\/posts\/87726","targetHints":{"allow":["GET"]}}],"collection":[{"href":"https:\/\/www.sudoestehoje.com.br\/novoportal\/wp-json\/wp\/v2\/posts"}],"about":[{"href":"https:\/\/www.sudoestehoje.com.br\/novoportal\/wp-json\/wp\/v2\/types\/post"}],"author":[{"embeddable":true,"href":"https:\/\/www.sudoestehoje.com.br\/novoportal\/wp-json\/wp\/v2\/users\/2"}],"replies":[{"embeddable":true,"href":"https:\/\/www.sudoestehoje.com.br\/novoportal\/wp-json\/wp\/v2\/comments?post=87726"}],"version-history":[{"count":2,"href":"https:\/\/www.sudoestehoje.com.br\/novoportal\/wp-json\/wp\/v2\/posts\/87726\/revisions"}],"predecessor-version":[{"id":87730,"href":"https:\/\/www.sudoestehoje.com.br\/novoportal\/wp-json\/wp\/v2\/posts\/87726\/revisions\/87730"}],"wp:featuredmedia":[{"embeddable":true,"href":"https:\/\/www.sudoestehoje.com.br\/novoportal\/wp-json\/wp\/v2\/media\/87729"}],"wp:attachment":[{"href":"https:\/\/www.sudoestehoje.com.br\/novoportal\/wp-json\/wp\/v2\/media?parent=87726"}],"wp:term":[{"taxonomy":"category","embeddable":true,"href":"https:\/\/www.sudoestehoje.com.br\/novoportal\/wp-json\/wp\/v2\/categories?post=87726"},{"taxonomy":"post_tag","embeddable":true,"href":"https:\/\/www.sudoestehoje.com.br\/novoportal\/wp-json\/wp\/v2\/tags?post=87726"}],"curies":[{"name":"wp","href":"https:\/\/api.w.org\/{rel}","templated":true}]}}