
{"id":87712,"date":"2020-06-20T22:21:37","date_gmt":"2020-06-21T01:21:37","guid":{"rendered":"https:\/\/www.sudoestehoje.com.br\/novoportal\/?p=87712"},"modified":"2020-06-20T22:21:37","modified_gmt":"2020-06-21T01:21:37","slug":"macarani-registra-7o-caso-da-covid-19","status":"publish","type":"post","link":"https:\/\/www.sudoestehoje.com.br\/novoportal\/2020\/06\/20\/macarani-registra-7o-caso-da-covid-19\/","title":{"rendered":"MACARANI REGISTRA 7\u00ba CASO DA COVID-19"},"content":{"rendered":"<p><a href=\"https:\/\/www.sudoestehoje.com.br\/novoportal\/wp-content\/uploads\/2020\/06\/macarani-7-casos.jpg\"><img loading=\"lazy\" decoding=\"async\" class=\"aligncenter size-medium wp-image-87713\" src=\"https:\/\/www.sudoestehoje.com.br\/novoportal\/wp-content\/uploads\/2020\/06\/macarani-7-casos-500x501.jpg\" alt=\"\" width=\"500\" height=\"501\" srcset=\"https:\/\/www.sudoestehoje.com.br\/novoportal\/wp-content\/uploads\/2020\/06\/macarani-7-casos-500x501.jpg 500w, https:\/\/www.sudoestehoje.com.br\/novoportal\/wp-content\/uploads\/2020\/06\/macarani-7-casos-700x701.jpg 700w, https:\/\/www.sudoestehoje.com.br\/novoportal\/wp-content\/uploads\/2020\/06\/macarani-7-casos-150x150.jpg 150w, https:\/\/www.sudoestehoje.com.br\/novoportal\/wp-content\/uploads\/2020\/06\/macarani-7-casos-768x770.jpg 768w, https:\/\/www.sudoestehoje.com.br\/novoportal\/wp-content\/uploads\/2020\/06\/macarani-7-casos.jpg 958w\" sizes=\"auto, (max-width: 500px) 100vw, 500px\" \/><\/a><\/p>\n<p>Neste s\u00e1bado (20) saiu mais um resultado de paciente suspeito de Coronav\u00edrus em Macarani, munic\u00edpio integrante do M\u00e9dio Sudoeste da Bahia. De acordo com a Secretaria Municipal de Sa\u00fade, o resultado do teste deu positivo para o novo v\u00edrus.<\/p>\n<p>Com mais uma confirma\u00e7\u00e3o, Macarani passa a registrar <strong>7 casos da Covid-19.<\/strong><\/p>\n<p>Atrav\u00e9s das redes sociais, o prefeito Dr. Miller manifestou a sua preocupa\u00e7\u00e3o e fez apelo \u00e0 popula\u00e7\u00e3o para que respeite as medidas baixadas pelo munic\u00edpio, para prevenir novas contamina\u00e7\u00f5es.<\/p>\n<p><em>&#8220;Eu pe\u00e7o a ajuda de todos voc\u00eas porque n\u00f3s s\u00f3 vamos superar essa pandemia e voltar gradativamente \u00e0 normalidade se cada um fizer sua parte&#8221;<\/em>, manifestou Miller.<\/p>\n<p><strong><em>Por Davi Ferraz<\/em><\/strong><\/p>\n","protected":false},"excerpt":{"rendered":"<p>Neste s\u00e1bado (20) saiu mais um resultado de paciente suspeito de Coronav\u00edrus em Macarani, munic\u00edpio integrante do M\u00e9dio Sudoeste da Bahia. De acordo com a Secretaria Municipal de Sa\u00fade, o resultado do teste deu positivo para o novo v\u00edrus. Com mais uma confirma\u00e7\u00e3o, Macarani passa a registrar 7 casos da Covid-19. Atrav\u00e9s das redes sociais, [&hellip;]<\/p>\n","protected":false},"author":2,"featured_media":87713,"comment_status":"open","ping_status":"open","sticky":false,"template":"","format":"standard","meta":{"footnotes":"","_links_to":"","_links_to_target":""},"categories":[1],"tags":[],"class_list":["post-87712","post","type-post","status-publish","format-standard","has-post-thumbnail","hentry","category-geral"],"views":1135,"_links":{"self":[{"href":"https:\/\/www.sudoestehoje.com.br\/novoportal\/wp-json\/wp\/v2\/posts\/87712","targetHints":{"allow":["GET"]}}],"collection":[{"href":"https:\/\/www.sudoestehoje.com.br\/novoportal\/wp-json\/wp\/v2\/posts"}],"about":[{"href":"https:\/\/www.sudoestehoje.com.br\/novoportal\/wp-json\/wp\/v2\/types\/post"}],"author":[{"embeddable":true,"href":"https:\/\/www.sudoestehoje.com.br\/novoportal\/wp-json\/wp\/v2\/users\/2"}],"replies":[{"embeddable":true,"href":"https:\/\/www.sudoestehoje.com.br\/novoportal\/wp-json\/wp\/v2\/comments?post=87712"}],"version-history":[{"count":1,"href":"https:\/\/www.sudoestehoje.com.br\/novoportal\/wp-json\/wp\/v2\/posts\/87712\/revisions"}],"predecessor-version":[{"id":87714,"href":"https:\/\/www.sudoestehoje.com.br\/novoportal\/wp-json\/wp\/v2\/posts\/87712\/revisions\/87714"}],"wp:featuredmedia":[{"embeddable":true,"href":"https:\/\/www.sudoestehoje.com.br\/novoportal\/wp-json\/wp\/v2\/media\/87713"}],"wp:attachment":[{"href":"https:\/\/www.sudoestehoje.com.br\/novoportal\/wp-json\/wp\/v2\/media?parent=87712"}],"wp:term":[{"taxonomy":"category","embeddable":true,"href":"https:\/\/www.sudoestehoje.com.br\/novoportal\/wp-json\/wp\/v2\/categories?post=87712"},{"taxonomy":"post_tag","embeddable":true,"href":"https:\/\/www.sudoestehoje.com.br\/novoportal\/wp-json\/wp\/v2\/tags?post=87712"}],"curies":[{"name":"wp","href":"https:\/\/api.w.org\/{rel}","templated":true}]}}