
{"id":87701,"date":"2020-06-19T22:23:51","date_gmt":"2020-06-20T01:23:51","guid":{"rendered":"https:\/\/www.sudoestehoje.com.br\/novoportal\/?p=87701"},"modified":"2020-06-20T18:56:47","modified_gmt":"2020-06-20T21:56:47","slug":"conquista-chega-a-12-mortes-por-coronavirus-e-ja-registra-460-casos","status":"publish","type":"post","link":"https:\/\/www.sudoestehoje.com.br\/novoportal\/2020\/06\/19\/conquista-chega-a-12-mortes-por-coronavirus-e-ja-registra-460-casos\/","title":{"rendered":"CONQUISTA CHEGA A 12 MORTES POR CORONAV\u00cdRUS E J\u00c1 REGISTRA 460 CASOS"},"content":{"rendered":"<p><a href=\"https:\/\/www.sudoestehoje.com.br\/novoportal\/wp-content\/uploads\/2020\/06\/conquista.jpg\"><img loading=\"lazy\" decoding=\"async\" class=\"aligncenter size-medium wp-image-87703\" src=\"https:\/\/www.sudoestehoje.com.br\/novoportal\/wp-content\/uploads\/2020\/06\/conquista-500x260.jpg\" alt=\"\" width=\"500\" height=\"260\" srcset=\"https:\/\/www.sudoestehoje.com.br\/novoportal\/wp-content\/uploads\/2020\/06\/conquista-500x260.jpg 500w, https:\/\/www.sudoestehoje.com.br\/novoportal\/wp-content\/uploads\/2020\/06\/conquista.jpg 540w\" sizes=\"auto, (max-width: 500px) 100vw, 500px\" \/><\/a><\/p>\n<p>A Secretaria Municipal de Sa\u00fade confirmou nesta sexta-feira (19) que mais dois pacientes infectados pelo Novo Coronav\u00edrus foram a \u00f3bito, aumentando para 12 o n\u00famero de \u00f3bitos registrados de pacientes de Vit\u00f3ria da Conquista.<\/p>\n<p>A 11\u00aa v\u00edtima da Covid foi uma mulher de 56 anos, com hist\u00f3rico de doen\u00e7as preexistentes, que faleceu na noite da \u00faltima quinta-feira (18). Ela realizou exame laboratorial RT-PCR que apresentou resultado positivo para Coronav\u00edrus no dia 15 de junho e vinha sendo acompanhada pela equipe de monitoramento da Secretaria Municipal de Sa\u00fade desde o dia 12 de junho, quando foi internada do Hospital S\u00e3o Vicente, onde veio a \u00f3bito por agravamento do quadro de sa\u00fade.<\/p>\n<p><a href=\"https:\/\/www.sudoestehoje.com.br\/novoportal\/wp-content\/uploads\/2020\/06\/conquista-12-obitos.jpeg\"><img loading=\"lazy\" decoding=\"async\" class=\"aligncenter size-medium wp-image-87702\" src=\"https:\/\/www.sudoestehoje.com.br\/novoportal\/wp-content\/uploads\/2020\/06\/conquista-12-obitos-500x500.jpeg\" alt=\"\" width=\"500\" height=\"500\" srcset=\"https:\/\/www.sudoestehoje.com.br\/novoportal\/wp-content\/uploads\/2020\/06\/conquista-12-obitos-500x500.jpeg 500w, https:\/\/www.sudoestehoje.com.br\/novoportal\/wp-content\/uploads\/2020\/06\/conquista-12-obitos-150x150.jpeg 150w, https:\/\/www.sudoestehoje.com.br\/novoportal\/wp-content\/uploads\/2020\/06\/conquista-12-obitos.jpeg 696w\" sizes=\"auto, (max-width: 500px) 100vw, 500px\" \/><\/a><\/p>\n<p>O 12\u00ba falecimento aconteceu nesta sexta-feira (19). Trata-se de um senhor de 79 anos que possu\u00eda doen\u00e7as preexistentes e estava internado no Hospital S\u00e3o Vicente desde o dia 2 de junho. Ele tamb\u00e9m era acompanhado pelo monitoramento da Secretaria de Sa\u00fade e teve resultado positivo para Covid-19 em exame laboratorial RT-PCR no dia 15 de junho.<\/p>\n<p>Hoje foram confirmados mais 14 casos de pacientes que testaram positivo para Coronav\u00edrus em Conquista. Com isso, s\u00e3o 460 casos confirmados desde o fim do m\u00eas de fevereiro, quando foram notificados os primeiros casos no munic\u00edpio. Destes, 356 pessoas tiveram evolu\u00e7\u00e3o para cura da doen\u00e7a e 92 permanecem com o v\u00edrus ativo e seguem em recupera\u00e7\u00e3o \u2013 19 internados e 73 em tratamento domiciliar.<em> \/\/Blog do Sena<\/em><\/p>\n","protected":false},"excerpt":{"rendered":"<p>A Secretaria Municipal de Sa\u00fade confirmou nesta sexta-feira (19) que mais dois pacientes infectados pelo Novo Coronav\u00edrus foram a \u00f3bito, aumentando para 12 o n\u00famero de \u00f3bitos registrados de pacientes de Vit\u00f3ria da Conquista. A 11\u00aa v\u00edtima da Covid foi uma mulher de 56 anos, com hist\u00f3rico de doen\u00e7as preexistentes, que faleceu na noite da [&hellip;]<\/p>\n","protected":false},"author":2,"featured_media":87703,"comment_status":"closed","ping_status":"open","sticky":false,"template":"","format":"standard","meta":{"footnotes":"","_links_to":"","_links_to_target":""},"categories":[1],"tags":[],"class_list":["post-87701","post","type-post","status-publish","format-standard","has-post-thumbnail","hentry","category-geral"],"views":912,"_links":{"self":[{"href":"https:\/\/www.sudoestehoje.com.br\/novoportal\/wp-json\/wp\/v2\/posts\/87701","targetHints":{"allow":["GET"]}}],"collection":[{"href":"https:\/\/www.sudoestehoje.com.br\/novoportal\/wp-json\/wp\/v2\/posts"}],"about":[{"href":"https:\/\/www.sudoestehoje.com.br\/novoportal\/wp-json\/wp\/v2\/types\/post"}],"author":[{"embeddable":true,"href":"https:\/\/www.sudoestehoje.com.br\/novoportal\/wp-json\/wp\/v2\/users\/2"}],"replies":[{"embeddable":true,"href":"https:\/\/www.sudoestehoje.com.br\/novoportal\/wp-json\/wp\/v2\/comments?post=87701"}],"version-history":[{"count":1,"href":"https:\/\/www.sudoestehoje.com.br\/novoportal\/wp-json\/wp\/v2\/posts\/87701\/revisions"}],"predecessor-version":[{"id":87704,"href":"https:\/\/www.sudoestehoje.com.br\/novoportal\/wp-json\/wp\/v2\/posts\/87701\/revisions\/87704"}],"wp:featuredmedia":[{"embeddable":true,"href":"https:\/\/www.sudoestehoje.com.br\/novoportal\/wp-json\/wp\/v2\/media\/87703"}],"wp:attachment":[{"href":"https:\/\/www.sudoestehoje.com.br\/novoportal\/wp-json\/wp\/v2\/media?parent=87701"}],"wp:term":[{"taxonomy":"category","embeddable":true,"href":"https:\/\/www.sudoestehoje.com.br\/novoportal\/wp-json\/wp\/v2\/categories?post=87701"},{"taxonomy":"post_tag","embeddable":true,"href":"https:\/\/www.sudoestehoje.com.br\/novoportal\/wp-json\/wp\/v2\/tags?post=87701"}],"curies":[{"name":"wp","href":"https:\/\/api.w.org\/{rel}","templated":true}]}}