
{"id":87675,"date":"2020-06-19T14:05:56","date_gmt":"2020-06-19T17:05:56","guid":{"rendered":"https:\/\/www.sudoestehoje.com.br\/novoportal\/?p=87675"},"modified":"2020-06-19T19:47:12","modified_gmt":"2020-06-19T22:47:12","slug":"justica-bloqueia-todos-os-bens-do-senador-jaques-wagner-em-acao-da-lava-jato","status":"publish","type":"post","link":"https:\/\/www.sudoestehoje.com.br\/novoportal\/2020\/06\/19\/justica-bloqueia-todos-os-bens-do-senador-jaques-wagner-em-acao-da-lava-jato\/","title":{"rendered":"JUSTI\u00c7A BLOQUEIA TODOS OS BENS DO SENADOR JAQUES WAGNER EM A\u00c7\u00c3O DA LAVA JATO"},"content":{"rendered":"<p><a href=\"https:\/\/www.sudoestehoje.com.br\/novoportal\/wp-content\/uploads\/2020\/06\/WAGNER-BENS.jpg\"><img loading=\"lazy\" decoding=\"async\" class=\"aligncenter size-medium wp-image-87676\" src=\"https:\/\/www.sudoestehoje.com.br\/novoportal\/wp-content\/uploads\/2020\/06\/WAGNER-BENS-500x300.jpg\" alt=\"\" width=\"500\" height=\"300\" srcset=\"https:\/\/www.sudoestehoje.com.br\/novoportal\/wp-content\/uploads\/2020\/06\/WAGNER-BENS-500x300.jpg 500w, https:\/\/www.sudoestehoje.com.br\/novoportal\/wp-content\/uploads\/2020\/06\/WAGNER-BENS-700x420.jpg 700w, https:\/\/www.sudoestehoje.com.br\/novoportal\/wp-content\/uploads\/2020\/06\/WAGNER-BENS-768x461.jpg 768w, https:\/\/www.sudoestehoje.com.br\/novoportal\/wp-content\/uploads\/2020\/06\/WAGNER-BENS.jpg 1086w\" sizes=\"auto, (max-width: 500px) 100vw, 500px\" \/><\/a><\/p>\n<p>Jaques Wagner (PT) teve seus bens declarados indispon\u00edveis nesta sexta-feira (19) pela Justi\u00e7a. O senador pela Bahia responde a a\u00e7\u00e3o no \u00e2mbito da Opera\u00e7\u00e3o Lava Jato que apura a doa\u00e7\u00e3o ilegal de R$ 3,5 milh\u00f5es, da Odebrecht, por interm\u00e9dio da cervejaria Petr\u00f3polis, para a campanha eleitoral do Partido dos Trabalhadores de 2014.<\/p>\n<p>A decis\u00e3o pelo congelamento dos bens do ex-governador foi proferida pelo juiz Glauco Dainese de Campos, titular da 7\u00aa Vara da Fazenda P\u00fablica de Salvador. Wagner \u00e9 investigado pela suposta pr\u00e1tica de improbidade administrativa em investiga\u00e7\u00e3o movida pelo Minist\u00e9rio P\u00fablico da Bahia (MP-BA). <strong><em>\/\/BN<\/em><\/strong><\/p>\n","protected":false},"excerpt":{"rendered":"<p>Jaques Wagner (PT) teve seus bens declarados indispon\u00edveis nesta sexta-feira (19) pela Justi\u00e7a. O senador pela Bahia responde a a\u00e7\u00e3o no \u00e2mbito da Opera\u00e7\u00e3o Lava Jato que apura a doa\u00e7\u00e3o ilegal de R$ 3,5 milh\u00f5es, da Odebrecht, por interm\u00e9dio da cervejaria Petr\u00f3polis, para a campanha eleitoral do Partido dos Trabalhadores de 2014. A decis\u00e3o pelo [&hellip;]<\/p>\n","protected":false},"author":2,"featured_media":87676,"comment_status":"closed","ping_status":"open","sticky":false,"template":"","format":"standard","meta":{"footnotes":"","_links_to":"","_links_to_target":""},"categories":[1],"tags":[],"class_list":["post-87675","post","type-post","status-publish","format-standard","has-post-thumbnail","hentry","category-geral"],"views":1593,"_links":{"self":[{"href":"https:\/\/www.sudoestehoje.com.br\/novoportal\/wp-json\/wp\/v2\/posts\/87675","targetHints":{"allow":["GET"]}}],"collection":[{"href":"https:\/\/www.sudoestehoje.com.br\/novoportal\/wp-json\/wp\/v2\/posts"}],"about":[{"href":"https:\/\/www.sudoestehoje.com.br\/novoportal\/wp-json\/wp\/v2\/types\/post"}],"author":[{"embeddable":true,"href":"https:\/\/www.sudoestehoje.com.br\/novoportal\/wp-json\/wp\/v2\/users\/2"}],"replies":[{"embeddable":true,"href":"https:\/\/www.sudoestehoje.com.br\/novoportal\/wp-json\/wp\/v2\/comments?post=87675"}],"version-history":[{"count":1,"href":"https:\/\/www.sudoestehoje.com.br\/novoportal\/wp-json\/wp\/v2\/posts\/87675\/revisions"}],"predecessor-version":[{"id":87677,"href":"https:\/\/www.sudoestehoje.com.br\/novoportal\/wp-json\/wp\/v2\/posts\/87675\/revisions\/87677"}],"wp:featuredmedia":[{"embeddable":true,"href":"https:\/\/www.sudoestehoje.com.br\/novoportal\/wp-json\/wp\/v2\/media\/87676"}],"wp:attachment":[{"href":"https:\/\/www.sudoestehoje.com.br\/novoportal\/wp-json\/wp\/v2\/media?parent=87675"}],"wp:term":[{"taxonomy":"category","embeddable":true,"href":"https:\/\/www.sudoestehoje.com.br\/novoportal\/wp-json\/wp\/v2\/categories?post=87675"},{"taxonomy":"post_tag","embeddable":true,"href":"https:\/\/www.sudoestehoje.com.br\/novoportal\/wp-json\/wp\/v2\/tags?post=87675"}],"curies":[{"name":"wp","href":"https:\/\/api.w.org\/{rel}","templated":true}]}}