
{"id":87662,"date":"2020-06-18T19:26:21","date_gmt":"2020-06-18T22:26:21","guid":{"rendered":"https:\/\/www.sudoestehoje.com.br\/novoportal\/?p=87662"},"modified":"2020-06-19T13:17:15","modified_gmt":"2020-06-19T16:17:15","slug":"conquista-registra-40-casos-da-covid-19-e-4-obitos-nesta-quinta-agora-sao-446-casos","status":"publish","type":"post","link":"https:\/\/www.sudoestehoje.com.br\/novoportal\/2020\/06\/18\/conquista-registra-40-casos-da-covid-19-e-4-obitos-nesta-quinta-agora-sao-446-casos\/","title":{"rendered":"CONQUISTA REGISTRA 40 CASOS DA COVID-19 E 4 \u00d3BITOS NESTA QUINTA; AGORA S\u00c3O 446 CASOS"},"content":{"rendered":"<p><a href=\"https:\/\/www.sudoestehoje.com.br\/novoportal\/wp-content\/uploads\/2020\/06\/CONQUISTA-446-CASOS.jpeg\"><img loading=\"lazy\" decoding=\"async\" class=\"aligncenter  wp-image-87663\" src=\"https:\/\/www.sudoestehoje.com.br\/novoportal\/wp-content\/uploads\/2020\/06\/CONQUISTA-446-CASOS.jpeg\" alt=\"\" width=\"499\" height=\"499\" srcset=\"https:\/\/www.sudoestehoje.com.br\/novoportal\/wp-content\/uploads\/2020\/06\/CONQUISTA-446-CASOS.jpeg 420w, https:\/\/www.sudoestehoje.com.br\/novoportal\/wp-content\/uploads\/2020\/06\/CONQUISTA-446-CASOS-150x150.jpeg 150w\" sizes=\"auto, (max-width: 499px) 100vw, 499px\" \/><\/a><\/p>\n<p>Desde o in\u00edcio das notifica\u00e7\u00f5es, no m\u00eas de fevereiro, at\u00e9 o momento, foram registrados 446 casos de pessoas que se infectaram pela COVID-19 em Vit\u00f3ria da Conquista. Somente nesta quinta-feira (18) foram registradas 40 ocorr\u00eancias. Ainda est\u00e3o em recupera\u00e7\u00e3o 85 pacientes, sendo 17 deles est\u00e3o internados e 68 em tratamento domiciliar.<\/p>\n","protected":false},"excerpt":{"rendered":"<p>Desde o in\u00edcio das notifica\u00e7\u00f5es, no m\u00eas de fevereiro, at\u00e9 o momento, foram registrados 446 casos de pessoas que se infectaram pela COVID-19 em Vit\u00f3ria da Conquista. Somente nesta quinta-feira (18) foram registradas 40 ocorr\u00eancias. Ainda est\u00e3o em recupera\u00e7\u00e3o 85 pacientes, sendo 17 deles est\u00e3o internados e 68 em tratamento domiciliar.<\/p>\n","protected":false},"author":2,"featured_media":87663,"comment_status":"closed","ping_status":"open","sticky":false,"template":"","format":"standard","meta":{"footnotes":"","_links_to":"","_links_to_target":""},"categories":[1],"tags":[],"class_list":["post-87662","post","type-post","status-publish","format-standard","has-post-thumbnail","hentry","category-geral"],"views":886,"_links":{"self":[{"href":"https:\/\/www.sudoestehoje.com.br\/novoportal\/wp-json\/wp\/v2\/posts\/87662","targetHints":{"allow":["GET"]}}],"collection":[{"href":"https:\/\/www.sudoestehoje.com.br\/novoportal\/wp-json\/wp\/v2\/posts"}],"about":[{"href":"https:\/\/www.sudoestehoje.com.br\/novoportal\/wp-json\/wp\/v2\/types\/post"}],"author":[{"embeddable":true,"href":"https:\/\/www.sudoestehoje.com.br\/novoportal\/wp-json\/wp\/v2\/users\/2"}],"replies":[{"embeddable":true,"href":"https:\/\/www.sudoestehoje.com.br\/novoportal\/wp-json\/wp\/v2\/comments?post=87662"}],"version-history":[{"count":2,"href":"https:\/\/www.sudoestehoje.com.br\/novoportal\/wp-json\/wp\/v2\/posts\/87662\/revisions"}],"predecessor-version":[{"id":87665,"href":"https:\/\/www.sudoestehoje.com.br\/novoportal\/wp-json\/wp\/v2\/posts\/87662\/revisions\/87665"}],"wp:featuredmedia":[{"embeddable":true,"href":"https:\/\/www.sudoestehoje.com.br\/novoportal\/wp-json\/wp\/v2\/media\/87663"}],"wp:attachment":[{"href":"https:\/\/www.sudoestehoje.com.br\/novoportal\/wp-json\/wp\/v2\/media?parent=87662"}],"wp:term":[{"taxonomy":"category","embeddable":true,"href":"https:\/\/www.sudoestehoje.com.br\/novoportal\/wp-json\/wp\/v2\/categories?post=87662"},{"taxonomy":"post_tag","embeddable":true,"href":"https:\/\/www.sudoestehoje.com.br\/novoportal\/wp-json\/wp\/v2\/tags?post=87662"}],"curies":[{"name":"wp","href":"https:\/\/api.w.org\/{rel}","templated":true}]}}