
{"id":87652,"date":"2020-06-18T13:30:14","date_gmt":"2020-06-18T16:30:14","guid":{"rendered":"https:\/\/www.sudoestehoje.com.br\/novoportal\/?p=87652"},"modified":"2020-06-18T19:31:00","modified_gmt":"2020-06-18T22:31:00","slug":"familia-de-sao-paulo-com-9-infectados-pela-covid-19-viaja-de-ferias-para-cidade-do-interior-da-bahia","status":"publish","type":"post","link":"https:\/\/www.sudoestehoje.com.br\/novoportal\/2020\/06\/18\/familia-de-sao-paulo-com-9-infectados-pela-covid-19-viaja-de-ferias-para-cidade-do-interior-da-bahia\/","title":{"rendered":"FAM\u00cdLIA DE S\u00c3O PAULO COM 9 INFECTADOS PELA COVID-19 VIAJA DE F\u00c9RIAS PARA CIDADE DO INTERIOR DA BAHIA"},"content":{"rendered":"<p><a href=\"https:\/\/www.sudoestehoje.com.br\/novoportal\/wp-content\/uploads\/2020\/06\/INFECTADOS-DE-F\u00c9RIAS.jpg\"><img loading=\"lazy\" decoding=\"async\" class=\"aligncenter size-medium wp-image-87656\" src=\"https:\/\/www.sudoestehoje.com.br\/novoportal\/wp-content\/uploads\/2020\/06\/INFECTADOS-DE-F\u00c9RIAS-500x281.jpg\" alt=\"\" width=\"500\" height=\"281\" srcset=\"https:\/\/www.sudoestehoje.com.br\/novoportal\/wp-content\/uploads\/2020\/06\/INFECTADOS-DE-F\u00c9RIAS-500x281.jpg 500w, https:\/\/www.sudoestehoje.com.br\/novoportal\/wp-content\/uploads\/2020\/06\/INFECTADOS-DE-F\u00c9RIAS-700x393.jpg 700w, https:\/\/www.sudoestehoje.com.br\/novoportal\/wp-content\/uploads\/2020\/06\/INFECTADOS-DE-F\u00c9RIAS-768x431.jpg 768w, https:\/\/www.sudoestehoje.com.br\/novoportal\/wp-content\/uploads\/2020\/06\/INFECTADOS-DE-F\u00c9RIAS.jpg 890w\" sizes=\"auto, (max-width: 500px) 100vw, 500px\" \/><\/a><\/p>\n<p>Uma fam\u00edlia formada por nove pessoas, todas infectadas pelo novo coronav\u00edrus, saiu da cidade da baixada santista, no litoral de S\u00e3o Paulo, e entrou em um povoado da cidade de Ribeira do Pombal, na regi\u00e3o Nordeste do estado, no \u00faltimo dia 6.<\/p>\n<p>De acordo com informa\u00e7\u00f5es do jornal Correio, a fam\u00edlia\u00a0utilizou carros particulares e\u00a0alegou\u00a0n\u00e3o ter passado por nenhuma barreira sanit\u00e1ria na Bahia e em outros estados.<\/p>\n<p>Uma das pacientes j\u00e1 teve\u00a0alta, mas os\u00a0outros oito continuam infectados. Eles\u00a0est\u00e3o em isolamento domiciliar e assintom\u00e1ticos. Ainda de acordo com jornal, mesmo com os riscos de novas contamina\u00e7\u00f5es, a fam\u00edlia garantiu que ir\u00e1 retornar para S\u00e3o Paulo no final deste m\u00eas.<\/p>\n<p>De acordo com o boletim\u00a0epidemiol\u00f3gico divulgado no final da tarde desta quarta-feira (17) pela prefeitura, Ribeira do Pombal possui 44\u00a0casos confirmados do novo coronav\u00edrus.<\/p>\n","protected":false},"excerpt":{"rendered":"<p>Uma fam\u00edlia formada por nove pessoas, todas infectadas pelo novo coronav\u00edrus, saiu da cidade da baixada santista, no litoral de S\u00e3o Paulo, e entrou em um povoado da cidade de Ribeira do Pombal, na regi\u00e3o Nordeste do estado, no \u00faltimo dia 6. De acordo com informa\u00e7\u00f5es do jornal Correio, a fam\u00edlia\u00a0utilizou carros particulares e\u00a0alegou\u00a0n\u00e3o ter [&hellip;]<\/p>\n","protected":false},"author":2,"featured_media":87656,"comment_status":"open","ping_status":"open","sticky":false,"template":"","format":"standard","meta":{"footnotes":"","_links_to":"","_links_to_target":""},"categories":[1],"tags":[],"class_list":["post-87652","post","type-post","status-publish","format-standard","has-post-thumbnail","hentry","category-geral"],"views":1922,"_links":{"self":[{"href":"https:\/\/www.sudoestehoje.com.br\/novoportal\/wp-json\/wp\/v2\/posts\/87652","targetHints":{"allow":["GET"]}}],"collection":[{"href":"https:\/\/www.sudoestehoje.com.br\/novoportal\/wp-json\/wp\/v2\/posts"}],"about":[{"href":"https:\/\/www.sudoestehoje.com.br\/novoportal\/wp-json\/wp\/v2\/types\/post"}],"author":[{"embeddable":true,"href":"https:\/\/www.sudoestehoje.com.br\/novoportal\/wp-json\/wp\/v2\/users\/2"}],"replies":[{"embeddable":true,"href":"https:\/\/www.sudoestehoje.com.br\/novoportal\/wp-json\/wp\/v2\/comments?post=87652"}],"version-history":[{"count":4,"href":"https:\/\/www.sudoestehoje.com.br\/novoportal\/wp-json\/wp\/v2\/posts\/87652\/revisions"}],"predecessor-version":[{"id":87657,"href":"https:\/\/www.sudoestehoje.com.br\/novoportal\/wp-json\/wp\/v2\/posts\/87652\/revisions\/87657"}],"wp:featuredmedia":[{"embeddable":true,"href":"https:\/\/www.sudoestehoje.com.br\/novoportal\/wp-json\/wp\/v2\/media\/87656"}],"wp:attachment":[{"href":"https:\/\/www.sudoestehoje.com.br\/novoportal\/wp-json\/wp\/v2\/media?parent=87652"}],"wp:term":[{"taxonomy":"category","embeddable":true,"href":"https:\/\/www.sudoestehoje.com.br\/novoportal\/wp-json\/wp\/v2\/categories?post=87652"},{"taxonomy":"post_tag","embeddable":true,"href":"https:\/\/www.sudoestehoje.com.br\/novoportal\/wp-json\/wp\/v2\/tags?post=87652"}],"curies":[{"name":"wp","href":"https:\/\/api.w.org\/{rel}","templated":true}]}}