
{"id":87644,"date":"2020-06-17T19:22:45","date_gmt":"2020-06-17T22:22:45","guid":{"rendered":"https:\/\/www.sudoestehoje.com.br\/novoportal\/?p=87644"},"modified":"2020-06-18T19:31:20","modified_gmt":"2020-06-18T22:31:20","slug":"vitoria-da-conquista-confirma-mais-duas-mortes-pela-covid-19-e-passa-de-400-casos","status":"publish","type":"post","link":"https:\/\/www.sudoestehoje.com.br\/novoportal\/2020\/06\/17\/vitoria-da-conquista-confirma-mais-duas-mortes-pela-covid-19-e-passa-de-400-casos\/","title":{"rendered":"VIT\u00d3RIA DA CONQUISTA CONFIRMA MAIS DUAS MORTES PELA COVID-19 E PASSA DE 400 CASOS"},"content":{"rendered":"<p><a href=\"https:\/\/www.sudoestehoje.com.br\/novoportal\/wp-content\/uploads\/2020\/06\/BOLETIM-HOJE-CONQ.jpeg\"><img loading=\"lazy\" decoding=\"async\" class=\"aligncenter size-medium wp-image-87645\" src=\"https:\/\/www.sudoestehoje.com.br\/novoportal\/wp-content\/uploads\/2020\/06\/BOLETIM-HOJE-CONQ-500x500.jpeg\" alt=\"\" width=\"500\" height=\"500\" srcset=\"https:\/\/www.sudoestehoje.com.br\/novoportal\/wp-content\/uploads\/2020\/06\/BOLETIM-HOJE-CONQ-500x500.jpeg 500w, https:\/\/www.sudoestehoje.com.br\/novoportal\/wp-content\/uploads\/2020\/06\/BOLETIM-HOJE-CONQ-150x150.jpeg 150w, https:\/\/www.sudoestehoje.com.br\/novoportal\/wp-content\/uploads\/2020\/06\/BOLETIM-HOJE-CONQ.jpeg 696w\" sizes=\"auto, (max-width: 500px) 100vw, 500px\" \/><\/a><\/p>\n<p>A Secretaria Municipal de Sa\u00fade confirmou nesta quarta-feira (17) o falecimento de dois pacientes que testaram positivo para Coronav\u00edrus. O s\u00e9timo \u00f3bito registrado no munic\u00edpio foi de uma mulher de 79 anos, que possu\u00eda comorbidades associadas e estava internada no Hospital Geral de Vit\u00f3ria da Conquista (HGVC).<\/p>\n<p>O oitavo falecimento foi de um homem, 70 anos, que tamb\u00e9m possu\u00eda comorbidades associadas e estava internado no Hospital S\u00e3o Vicente desde o dia 16 de maio. Ele j\u00e1 vinha sendo monitorado pela Secretaria de Sa\u00fade e teve resultado positivo para coronav\u00edrus em exame laboratorial RT-PCR no dia 19 de maio. O paciente faleceu nesta quarta (17) ap\u00f3s agravamento do quadro de sa\u00fade.<\/p>\n<p>A Secretaria ainda aguarda a divulga\u00e7\u00e3o do resultado do exame laboratorial da amostra coletada de um paciente que veio a \u00f3bito em domic\u00edlio na \u00faltima segunda-feira (15). <em>\/\/Blog do Sena<\/em><\/p>\n","protected":false},"excerpt":{"rendered":"<p>A Secretaria Municipal de Sa\u00fade confirmou nesta quarta-feira (17) o falecimento de dois pacientes que testaram positivo para Coronav\u00edrus. O s\u00e9timo \u00f3bito registrado no munic\u00edpio foi de uma mulher de 79 anos, que possu\u00eda comorbidades associadas e estava internada no Hospital Geral de Vit\u00f3ria da Conquista (HGVC). O oitavo falecimento foi de um homem, 70 [&hellip;]<\/p>\n","protected":false},"author":2,"featured_media":87645,"comment_status":"closed","ping_status":"open","sticky":false,"template":"","format":"standard","meta":{"footnotes":"","_links_to":"","_links_to_target":""},"categories":[1],"tags":[],"class_list":["post-87644","post","type-post","status-publish","format-standard","has-post-thumbnail","hentry","category-geral"],"views":865,"_links":{"self":[{"href":"https:\/\/www.sudoestehoje.com.br\/novoportal\/wp-json\/wp\/v2\/posts\/87644","targetHints":{"allow":["GET"]}}],"collection":[{"href":"https:\/\/www.sudoestehoje.com.br\/novoportal\/wp-json\/wp\/v2\/posts"}],"about":[{"href":"https:\/\/www.sudoestehoje.com.br\/novoportal\/wp-json\/wp\/v2\/types\/post"}],"author":[{"embeddable":true,"href":"https:\/\/www.sudoestehoje.com.br\/novoportal\/wp-json\/wp\/v2\/users\/2"}],"replies":[{"embeddable":true,"href":"https:\/\/www.sudoestehoje.com.br\/novoportal\/wp-json\/wp\/v2\/comments?post=87644"}],"version-history":[{"count":3,"href":"https:\/\/www.sudoestehoje.com.br\/novoportal\/wp-json\/wp\/v2\/posts\/87644\/revisions"}],"predecessor-version":[{"id":87648,"href":"https:\/\/www.sudoestehoje.com.br\/novoportal\/wp-json\/wp\/v2\/posts\/87644\/revisions\/87648"}],"wp:featuredmedia":[{"embeddable":true,"href":"https:\/\/www.sudoestehoje.com.br\/novoportal\/wp-json\/wp\/v2\/media\/87645"}],"wp:attachment":[{"href":"https:\/\/www.sudoestehoje.com.br\/novoportal\/wp-json\/wp\/v2\/media?parent=87644"}],"wp:term":[{"taxonomy":"category","embeddable":true,"href":"https:\/\/www.sudoestehoje.com.br\/novoportal\/wp-json\/wp\/v2\/categories?post=87644"},{"taxonomy":"post_tag","embeddable":true,"href":"https:\/\/www.sudoestehoje.com.br\/novoportal\/wp-json\/wp\/v2\/tags?post=87644"}],"curies":[{"name":"wp","href":"https:\/\/api.w.org\/{rel}","templated":true}]}}