
{"id":8763,"date":"2011-09-16T00:02:51","date_gmt":"2011-09-16T03:02:51","guid":{"rendered":"http:\/\/www.sudoestehoje.com.br\/novoportal\/?p=8763"},"modified":"2011-09-16T00:02:51","modified_gmt":"2011-09-16T03:02:51","slug":"mao-branca-diz-estar-preparado-para-ser-candidato-em-conquista","status":"publish","type":"post","link":"https:\/\/www.sudoestehoje.com.br\/novoportal\/2011\/09\/16\/mao-branca-diz-estar-preparado-para-ser-candidato-em-conquista\/","title":{"rendered":"M\u00c3O BRANCA DIZ ESTAR PREPARADO PARA SER CANDIDATO EM CONQUISTA"},"content":{"rendered":"<p style=\"text-align: center;\"><img decoding=\"async\" class=\"aligncenter\" src=\"http:\/\/www.blogdoanderson.com\/v2\/wp-content\/uploads\/DSC_0744.jpg\" alt=\"\" width=\"400\" \/><\/p>\n<p>A mudan\u00e7a no domicilio eleitoral do ex-deputado Edigar M\u00e3o Branca (PV) para Vit\u00f3ria da Conquista ainda \u00e9 uma inc\u00f3gnita at\u00e9 para si pr\u00f3prio, pois existe uma possibilidade de ele sair candidato a prefeito de Itapetinga. \u201c<em>Olhe, essa pergunta eu t\u00f4 tendo uma dificuldade, porque n\u00e3o cabe a mim. Eu aguardei primeiro a decis\u00e3o do partido se ter\u00edamos ou n\u00e3o candidatura pr\u00f3pria em alguns munic\u00edpios, foi o que conseguimos arrancar essa semana do partido que teremos, inclusive em Vit\u00f3ria da Conquista. Ent\u00e3o o passo daqui pra frente \u00e9 discutir isso, se for convocado e o partido achar que seria o meu nome, \u00a0e que corre essa possibilidade de M\u00e3o Branca talvez ser o nome que o partido necessitar para Vit\u00f3ria da Conquista, vou pensar nessa op\u00e7\u00e3o e transferir o nosso domic\u00edlio pra c\u00e1, mas por enquanto nada oficial ainda\u201d<\/em> disse M\u00e3o Branca em entrevista ao Blog do Anderson na noite dessa quinta-feira (15),\u00a0 que concluiu afirmando estar preparado para ser candidato a prefeito de Vit\u00f3ria da Conquista.<\/p>\n","protected":false},"excerpt":{"rendered":"<p>A mudan\u00e7a no domicilio eleitoral do ex-deputado Edigar M\u00e3o Branca (PV) para Vit\u00f3ria da Conquista ainda \u00e9 uma inc\u00f3gnita at\u00e9 para si pr\u00f3prio, pois existe uma possibilidade de ele sair candidato a prefeito de Itapetinga. \u201cOlhe, essa pergunta eu t\u00f4 tendo uma dificuldade, porque n\u00e3o cabe a mim. Eu aguardei primeiro a decis\u00e3o do partido [&hellip;]<\/p>\n","protected":false},"author":2,"featured_media":0,"comment_status":"open","ping_status":"open","sticky":false,"template":"","format":"standard","meta":{"footnotes":"","_links_to":"","_links_to_target":""},"categories":[1],"tags":[],"class_list":["post-8763","post","type-post","status-publish","format-standard","hentry","category-geral"],"views":1080,"_links":{"self":[{"href":"https:\/\/www.sudoestehoje.com.br\/novoportal\/wp-json\/wp\/v2\/posts\/8763","targetHints":{"allow":["GET"]}}],"collection":[{"href":"https:\/\/www.sudoestehoje.com.br\/novoportal\/wp-json\/wp\/v2\/posts"}],"about":[{"href":"https:\/\/www.sudoestehoje.com.br\/novoportal\/wp-json\/wp\/v2\/types\/post"}],"author":[{"embeddable":true,"href":"https:\/\/www.sudoestehoje.com.br\/novoportal\/wp-json\/wp\/v2\/users\/2"}],"replies":[{"embeddable":true,"href":"https:\/\/www.sudoestehoje.com.br\/novoportal\/wp-json\/wp\/v2\/comments?post=8763"}],"version-history":[{"count":3,"href":"https:\/\/www.sudoestehoje.com.br\/novoportal\/wp-json\/wp\/v2\/posts\/8763\/revisions"}],"predecessor-version":[{"id":8768,"href":"https:\/\/www.sudoestehoje.com.br\/novoportal\/wp-json\/wp\/v2\/posts\/8763\/revisions\/8768"}],"wp:attachment":[{"href":"https:\/\/www.sudoestehoje.com.br\/novoportal\/wp-json\/wp\/v2\/media?parent=8763"}],"wp:term":[{"taxonomy":"category","embeddable":true,"href":"https:\/\/www.sudoestehoje.com.br\/novoportal\/wp-json\/wp\/v2\/categories?post=8763"},{"taxonomy":"post_tag","embeddable":true,"href":"https:\/\/www.sudoestehoje.com.br\/novoportal\/wp-json\/wp\/v2\/tags?post=8763"}],"curies":[{"name":"wp","href":"https:\/\/api.w.org\/{rel}","templated":true}]}}