
{"id":87628,"date":"2020-06-17T13:09:26","date_gmt":"2020-06-17T16:09:26","guid":{"rendered":"https:\/\/www.sudoestehoje.com.br\/novoportal\/?p=87628"},"modified":"2020-06-17T19:02:10","modified_gmt":"2020-06-17T22:02:10","slug":"campeonato-carioca-volta-nesta-quinta-com-flamengo-x-bangu-vasco-joga-domingo","status":"publish","type":"post","link":"https:\/\/www.sudoestehoje.com.br\/novoportal\/2020\/06\/17\/campeonato-carioca-volta-nesta-quinta-com-flamengo-x-bangu-vasco-joga-domingo\/","title":{"rendered":"CAMPEONATO CARIOCA VOLTA NESTA QUINTA COM FLAMENGO X BANGU; VASCO JOGA DOMINGO"},"content":{"rendered":"<p><a href=\"https:\/\/www.sudoestehoje.com.br\/novoportal\/wp-content\/uploads\/2020\/06\/FAMENGO-X-BANGU.jpg\"><img loading=\"lazy\" decoding=\"async\" class=\"aligncenter size-medium wp-image-87629\" src=\"https:\/\/www.sudoestehoje.com.br\/novoportal\/wp-content\/uploads\/2020\/06\/FAMENGO-X-BANGU-500x260.jpg\" alt=\"\" width=\"500\" height=\"260\" srcset=\"https:\/\/www.sudoestehoje.com.br\/novoportal\/wp-content\/uploads\/2020\/06\/FAMENGO-X-BANGU-500x260.jpg 500w, https:\/\/www.sudoestehoje.com.br\/novoportal\/wp-content\/uploads\/2020\/06\/FAMENGO-X-BANGU.jpg 540w\" sizes=\"auto, (max-width: 500px) 100vw, 500px\" \/><\/a><\/p>\n<p>A Ferj divulgou em seu site oficial as datas e hor\u00e1rios da quarta rodada da Ta\u00e7a Rio, que retorna nesta quinta-feira ap\u00f3s a paralisa\u00e7\u00e3o do Campeonato Carioca durante a pandemia de coronav\u00edrus. Os primeiros a entrar em campo ser\u00e3o Flamengo e Bangu, no Maracan\u00e3, \u00e0s 21h (de Bras\u00edlia).<\/p>\n<p>No domingo, o Vasco tem confronto marcado contra o Maca\u00e9, \u00e0s 16h. Botafogo e Fluminense tiveram seus jogos mantidos na pr\u00f3xima segunda-feira. O Alvinegro enfrenta a Cabofriense \u00e0s 17h30, em casa. J\u00e1 o Tricolor recebe o Volta Redonda, \u00e0s 21h30, no Maracan\u00e3. Todos os jogos ser\u00e3o com port\u00f5es fechados.<\/p>\n<p>Al\u00e9m do Maracan\u00e3, no site da Federa\u00e7\u00e3o constam partidas no Nilton Santos, S\u00e3o Janu\u00e1rio, Conselheiro Galv\u00e3o e Luso Brasileiro.<\/p>\n","protected":false},"excerpt":{"rendered":"<p>A Ferj divulgou em seu site oficial as datas e hor\u00e1rios da quarta rodada da Ta\u00e7a Rio, que retorna nesta quinta-feira ap\u00f3s a paralisa\u00e7\u00e3o do Campeonato Carioca durante a pandemia de coronav\u00edrus. Os primeiros a entrar em campo ser\u00e3o Flamengo e Bangu, no Maracan\u00e3, \u00e0s 21h (de Bras\u00edlia). No domingo, o Vasco tem confronto marcado [&hellip;]<\/p>\n","protected":false},"author":2,"featured_media":87629,"comment_status":"closed","ping_status":"open","sticky":false,"template":"","format":"standard","meta":{"footnotes":"","_links_to":"","_links_to_target":""},"categories":[1],"tags":[],"class_list":["post-87628","post","type-post","status-publish","format-standard","has-post-thumbnail","hentry","category-geral"],"views":986,"_links":{"self":[{"href":"https:\/\/www.sudoestehoje.com.br\/novoportal\/wp-json\/wp\/v2\/posts\/87628","targetHints":{"allow":["GET"]}}],"collection":[{"href":"https:\/\/www.sudoestehoje.com.br\/novoportal\/wp-json\/wp\/v2\/posts"}],"about":[{"href":"https:\/\/www.sudoestehoje.com.br\/novoportal\/wp-json\/wp\/v2\/types\/post"}],"author":[{"embeddable":true,"href":"https:\/\/www.sudoestehoje.com.br\/novoportal\/wp-json\/wp\/v2\/users\/2"}],"replies":[{"embeddable":true,"href":"https:\/\/www.sudoestehoje.com.br\/novoportal\/wp-json\/wp\/v2\/comments?post=87628"}],"version-history":[{"count":1,"href":"https:\/\/www.sudoestehoje.com.br\/novoportal\/wp-json\/wp\/v2\/posts\/87628\/revisions"}],"predecessor-version":[{"id":87630,"href":"https:\/\/www.sudoestehoje.com.br\/novoportal\/wp-json\/wp\/v2\/posts\/87628\/revisions\/87630"}],"wp:featuredmedia":[{"embeddable":true,"href":"https:\/\/www.sudoestehoje.com.br\/novoportal\/wp-json\/wp\/v2\/media\/87629"}],"wp:attachment":[{"href":"https:\/\/www.sudoestehoje.com.br\/novoportal\/wp-json\/wp\/v2\/media?parent=87628"}],"wp:term":[{"taxonomy":"category","embeddable":true,"href":"https:\/\/www.sudoestehoje.com.br\/novoportal\/wp-json\/wp\/v2\/categories?post=87628"},{"taxonomy":"post_tag","embeddable":true,"href":"https:\/\/www.sudoestehoje.com.br\/novoportal\/wp-json\/wp\/v2\/tags?post=87628"}],"curies":[{"name":"wp","href":"https:\/\/api.w.org\/{rel}","templated":true}]}}