
{"id":87623,"date":"2020-06-17T11:45:34","date_gmt":"2020-06-17T14:45:34","guid":{"rendered":"https:\/\/www.sudoestehoje.com.br\/novoportal\/?p=87623"},"modified":"2020-06-17T19:02:25","modified_gmt":"2020-06-17T22:02:25","slug":"teixeira-mulher-descobre-que-e-vereadora-ao-tentar-sacar-auxilio-de-r-660-na-caixa","status":"publish","type":"post","link":"https:\/\/www.sudoestehoje.com.br\/novoportal\/2020\/06\/17\/teixeira-mulher-descobre-que-e-vereadora-ao-tentar-sacar-auxilio-de-r-660-na-caixa\/","title":{"rendered":"TEIXEIRA: MULHER DESCOBRE QUE \u00c9 VEREADORA AO TENTAR SACAR AUX\u00cdLIO DE R$ 660 NA CAIXA"},"content":{"rendered":"<p><a href=\"https:\/\/www.sudoestehoje.com.br\/novoportal\/wp-content\/uploads\/2020\/06\/cleidiana-alves-t-de-freitas.jpg\"><img loading=\"lazy\" decoding=\"async\" class=\"aligncenter size-medium wp-image-87626\" src=\"https:\/\/www.sudoestehoje.com.br\/novoportal\/wp-content\/uploads\/2020\/06\/cleidiana-alves-t-de-freitas-500x262.jpg\" alt=\"\" width=\"500\" height=\"262\" srcset=\"https:\/\/www.sudoestehoje.com.br\/novoportal\/wp-content\/uploads\/2020\/06\/cleidiana-alves-t-de-freitas-500x262.jpg 500w, https:\/\/www.sudoestehoje.com.br\/novoportal\/wp-content\/uploads\/2020\/06\/cleidiana-alves-t-de-freitas.jpg 646w\" sizes=\"auto, (max-width: 500px) 100vw, 500px\" \/><\/a><\/p>\n<p>Uma mulher de Teixeira de Freitas, no sul da Bahia, teve o aux\u00edlio emergencial negado pela Caixa Econ\u00f4mica Federal, depois que o sistema apontou que ela \u00e9 pol\u00edtica eleita na cidade. Ela alega que se candidatou a vereadora em 2016, mas n\u00e3o venceu o pleito.<\/p>\n<p>Cleidiana Alves Mendes de Oliveira tem 33 anos, trabalha como faxineira e precisa do benef\u00edcio do governo, por causa da falta de servi\u00e7os em meio \u00e0 pandemia do coronav\u00edrus. Ela conta que fez o cadastro assim que foi disponibilizado pelo governo federal.<\/p>\n<p>\u201cEu fiz o meu cadastro assim que come\u00e7ou. A\u00ed, no aplicativo, falou que eu n\u00e3o fui contemplada, porque exercia cargo eletivo na minha cidade. Eu tentei contestar, mas, no aplicativo da Caixa, n\u00e3o tem como contestar. A\u00ed eu fui na ag\u00eancia e procurei o gerente\u201d, relata ela ao\u00a0<em>G1-Bahia<\/em>.<\/p>\n<p>Sem conseguir resolver, mesmo com a ajuda do gerente, Cleidiana tentou novamente solicitar o aux\u00edlio no m\u00eas de maio, mas recebeu outra negativa.<\/p>\n<p>\u201cEu tentei de novo, e a\u00ed continua dizendo que eu sou vereadora de Teixeira de Freitas. Fui na Caixa de novo, mas nem o gerente da Caixa consegue resolver. O aplicativo tinha que ter como a gente contestar. Como eu vou fazer agora?\u201d.<\/p>\n","protected":false},"excerpt":{"rendered":"<p>Uma mulher de Teixeira de Freitas, no sul da Bahia, teve o aux\u00edlio emergencial negado pela Caixa Econ\u00f4mica Federal, depois que o sistema apontou que ela \u00e9 pol\u00edtica eleita na cidade. Ela alega que se candidatou a vereadora em 2016, mas n\u00e3o venceu o pleito. Cleidiana Alves Mendes de Oliveira tem 33 anos, trabalha como [&hellip;]<\/p>\n","protected":false},"author":2,"featured_media":87626,"comment_status":"closed","ping_status":"open","sticky":false,"template":"","format":"standard","meta":{"footnotes":"","_links_to":"","_links_to_target":""},"categories":[1],"tags":[],"class_list":["post-87623","post","type-post","status-publish","format-standard","has-post-thumbnail","hentry","category-geral"],"views":991,"_links":{"self":[{"href":"https:\/\/www.sudoestehoje.com.br\/novoportal\/wp-json\/wp\/v2\/posts\/87623","targetHints":{"allow":["GET"]}}],"collection":[{"href":"https:\/\/www.sudoestehoje.com.br\/novoportal\/wp-json\/wp\/v2\/posts"}],"about":[{"href":"https:\/\/www.sudoestehoje.com.br\/novoportal\/wp-json\/wp\/v2\/types\/post"}],"author":[{"embeddable":true,"href":"https:\/\/www.sudoestehoje.com.br\/novoportal\/wp-json\/wp\/v2\/users\/2"}],"replies":[{"embeddable":true,"href":"https:\/\/www.sudoestehoje.com.br\/novoportal\/wp-json\/wp\/v2\/comments?post=87623"}],"version-history":[{"count":3,"href":"https:\/\/www.sudoestehoje.com.br\/novoportal\/wp-json\/wp\/v2\/posts\/87623\/revisions"}],"predecessor-version":[{"id":87627,"href":"https:\/\/www.sudoestehoje.com.br\/novoportal\/wp-json\/wp\/v2\/posts\/87623\/revisions\/87627"}],"wp:featuredmedia":[{"embeddable":true,"href":"https:\/\/www.sudoestehoje.com.br\/novoportal\/wp-json\/wp\/v2\/media\/87626"}],"wp:attachment":[{"href":"https:\/\/www.sudoestehoje.com.br\/novoportal\/wp-json\/wp\/v2\/media?parent=87623"}],"wp:term":[{"taxonomy":"category","embeddable":true,"href":"https:\/\/www.sudoestehoje.com.br\/novoportal\/wp-json\/wp\/v2\/categories?post=87623"},{"taxonomy":"post_tag","embeddable":true,"href":"https:\/\/www.sudoestehoje.com.br\/novoportal\/wp-json\/wp\/v2\/tags?post=87623"}],"curies":[{"name":"wp","href":"https:\/\/api.w.org\/{rel}","templated":true}]}}