
{"id":87597,"date":"2020-06-16T19:10:05","date_gmt":"2020-06-16T22:10:05","guid":{"rendered":"https:\/\/www.sudoestehoje.com.br\/novoportal\/?p=87597"},"modified":"2020-06-16T19:10:23","modified_gmt":"2020-06-16T22:10:23","slug":"regiao-iguai-tem-74-casos-confirmados-da-covid-19-e-3-obitos-segundo-boletim","status":"publish","type":"post","link":"https:\/\/www.sudoestehoje.com.br\/novoportal\/2020\/06\/16\/regiao-iguai-tem-74-casos-confirmados-da-covid-19-e-3-obitos-segundo-boletim\/","title":{"rendered":"REGI\u00c3O: IGUA\u00cd TEM 74 CASOS CONFIRMADOS DA COVID-19 E 3 \u00d3BITOS, SEGUNDO BOLETIM"},"content":{"rendered":"<p><a href=\"https:\/\/www.sudoestehoje.com.br\/novoportal\/wp-content\/uploads\/2020\/06\/boletim-igua\u00ed-74-casos.jpg\"><img loading=\"lazy\" decoding=\"async\" class=\"aligncenter size-medium wp-image-87599\" src=\"https:\/\/www.sudoestehoje.com.br\/novoportal\/wp-content\/uploads\/2020\/06\/boletim-igua\u00ed-74-casos-500x381.jpg\" alt=\"\" width=\"500\" height=\"381\" srcset=\"https:\/\/www.sudoestehoje.com.br\/novoportal\/wp-content\/uploads\/2020\/06\/boletim-igua\u00ed-74-casos-500x381.jpg 500w, https:\/\/www.sudoestehoje.com.br\/novoportal\/wp-content\/uploads\/2020\/06\/boletim-igua\u00ed-74-casos-700x533.jpg 700w, https:\/\/www.sudoestehoje.com.br\/novoportal\/wp-content\/uploads\/2020\/06\/boletim-igua\u00ed-74-casos-768x585.jpg 768w, https:\/\/www.sudoestehoje.com.br\/novoportal\/wp-content\/uploads\/2020\/06\/boletim-igua\u00ed-74-casos.jpg 960w\" sizes=\"auto, (max-width: 500px) 100vw, 500px\" \/><\/a><\/p>\n<p>O munic\u00edpio de Igua\u00ed, localizado no M\u00e9dio Sudoeste da Bahia, tem a maior incid\u00eancia da Covid-19 em toda a regi\u00e3o, levando-se em conta o crit\u00e9rio populacional.<\/p>\n<p>Com cerca de 28 mil habitantes, segundo estimativa populacional do IBGE, Igua\u00ed tem <strong>74 casos confirmados da Covid -19, com 3 \u00f3bitos<\/strong>, segundo boletim da Secretaria Municipal de Sa\u00fade, divulgado nesta ter\u00e7a-feira (16).<\/p>\n<p>A pandemia de Coronav\u00edrus chegou aos pequenos e m\u00e9dios munic\u00edpios da Bahia, com certo atraso, mas a partir do in\u00edcio de junho, os casos se multiplicaram e preocupam a popula\u00e7\u00e3o.<\/p>\n<p>As autoridades municipais adotam as medidas recomendadas pelo governo e seguem os protocolos, mas a maioria da popula\u00e7\u00e3o n\u00e3o cumpre e continua nas ruas, gerando aglomera\u00e7\u00f5es.<\/p>\n<p>E ainda n\u00e3o chegamos ao pico da pandemia&#8230;<\/p>\n<p><strong><em>Por Davi Ferraz<\/em><\/strong><\/p>\n","protected":false},"excerpt":{"rendered":"<p>O munic\u00edpio de Igua\u00ed, localizado no M\u00e9dio Sudoeste da Bahia, tem a maior incid\u00eancia da Covid-19 em toda a regi\u00e3o, levando-se em conta o crit\u00e9rio populacional. Com cerca de 28 mil habitantes, segundo estimativa populacional do IBGE, Igua\u00ed tem 74 casos confirmados da Covid -19, com 3 \u00f3bitos, segundo boletim da Secretaria Municipal de Sa\u00fade, [&hellip;]<\/p>\n","protected":false},"author":2,"featured_media":87599,"comment_status":"closed","ping_status":"open","sticky":false,"template":"","format":"standard","meta":{"footnotes":"","_links_to":"","_links_to_target":""},"categories":[1],"tags":[],"class_list":["post-87597","post","type-post","status-publish","format-standard","has-post-thumbnail","hentry","category-geral"],"views":1121,"_links":{"self":[{"href":"https:\/\/www.sudoestehoje.com.br\/novoportal\/wp-json\/wp\/v2\/posts\/87597","targetHints":{"allow":["GET"]}}],"collection":[{"href":"https:\/\/www.sudoestehoje.com.br\/novoportal\/wp-json\/wp\/v2\/posts"}],"about":[{"href":"https:\/\/www.sudoestehoje.com.br\/novoportal\/wp-json\/wp\/v2\/types\/post"}],"author":[{"embeddable":true,"href":"https:\/\/www.sudoestehoje.com.br\/novoportal\/wp-json\/wp\/v2\/users\/2"}],"replies":[{"embeddable":true,"href":"https:\/\/www.sudoestehoje.com.br\/novoportal\/wp-json\/wp\/v2\/comments?post=87597"}],"version-history":[{"count":2,"href":"https:\/\/www.sudoestehoje.com.br\/novoportal\/wp-json\/wp\/v2\/posts\/87597\/revisions"}],"predecessor-version":[{"id":87600,"href":"https:\/\/www.sudoestehoje.com.br\/novoportal\/wp-json\/wp\/v2\/posts\/87597\/revisions\/87600"}],"wp:featuredmedia":[{"embeddable":true,"href":"https:\/\/www.sudoestehoje.com.br\/novoportal\/wp-json\/wp\/v2\/media\/87599"}],"wp:attachment":[{"href":"https:\/\/www.sudoestehoje.com.br\/novoportal\/wp-json\/wp\/v2\/media?parent=87597"}],"wp:term":[{"taxonomy":"category","embeddable":true,"href":"https:\/\/www.sudoestehoje.com.br\/novoportal\/wp-json\/wp\/v2\/categories?post=87597"},{"taxonomy":"post_tag","embeddable":true,"href":"https:\/\/www.sudoestehoje.com.br\/novoportal\/wp-json\/wp\/v2\/tags?post=87597"}],"curies":[{"name":"wp","href":"https:\/\/api.w.org\/{rel}","templated":true}]}}