
{"id":87592,"date":"2020-06-16T18:01:20","date_gmt":"2020-06-16T21:01:20","guid":{"rendered":"https:\/\/www.sudoestehoje.com.br\/novoportal\/?p=87592"},"modified":"2020-06-16T19:14:17","modified_gmt":"2020-06-16T22:14:17","slug":"itarantim-ja-tem-18-casos-da-covid-19","status":"publish","type":"post","link":"https:\/\/www.sudoestehoje.com.br\/novoportal\/2020\/06\/16\/itarantim-ja-tem-18-casos-da-covid-19\/","title":{"rendered":"ITARANTIM J\u00c1 TEM 18 CASOS DA COVID-19"},"content":{"rendered":"<p><a href=\"https:\/\/www.sudoestehoje.com.br\/novoportal\/wp-content\/uploads\/2020\/06\/itarantim-18.jpeg\"><img loading=\"lazy\" decoding=\"async\" class=\"aligncenter wp-image-87594\" src=\"https:\/\/www.sudoestehoje.com.br\/novoportal\/wp-content\/uploads\/2020\/06\/itarantim-18.jpeg\" alt=\"\" width=\"501\" height=\"501\" srcset=\"https:\/\/www.sudoestehoje.com.br\/novoportal\/wp-content\/uploads\/2020\/06\/itarantim-18.jpeg 336w, https:\/\/www.sudoestehoje.com.br\/novoportal\/wp-content\/uploads\/2020\/06\/itarantim-18-150x150.jpeg 150w\" sizes=\"auto, (max-width: 501px) 100vw, 501px\" \/><\/a><\/p>\n<p>O munic\u00edpio de Itarantim, um dos \u00faltimos do M\u00e9dio Sudoeste da Bahia a registrar contamina\u00e7\u00e3o de moradores pela Covid-19, chegou nesta\u00a0 ter\u00e7a-feira (16) ao seu 18\u00ba caso confirmado do novo v\u00edrus.<\/p>\n<p>De acordo com boletim divulgado pela Secretaria Municipal de Sa\u00fade, 4 novos casos foram confirmados, sendo 2 testados pelo Lacen e 2 por laborat\u00f3rio particular, o que elevou o n\u00famero de contaminados de 14 para 18, com um \u00f3bito.<\/p>\n<p>Tr\u00eas casos suspeitos ainda aguardam coleta, de 75 notifica\u00e7\u00f5es, e 7 pacientes j\u00e1 tiveram alta m\u00e9dica.<\/p>\n<p><strong><em>Reda\u00e7\u00e3o<\/em><\/strong><\/p>\n","protected":false},"excerpt":{"rendered":"<p>O munic\u00edpio de Itarantim, um dos \u00faltimos do M\u00e9dio Sudoeste da Bahia a registrar contamina\u00e7\u00e3o de moradores pela Covid-19, chegou nesta\u00a0 ter\u00e7a-feira (16) ao seu 18\u00ba caso confirmado do novo v\u00edrus. De acordo com boletim divulgado pela Secretaria Municipal de Sa\u00fade, 4 novos casos foram confirmados, sendo 2 testados pelo Lacen e 2 por laborat\u00f3rio [&hellip;]<\/p>\n","protected":false},"author":2,"featured_media":87594,"comment_status":"closed","ping_status":"open","sticky":false,"template":"","format":"standard","meta":{"footnotes":"","_links_to":"","_links_to_target":""},"categories":[1],"tags":[],"class_list":["post-87592","post","type-post","status-publish","format-standard","has-post-thumbnail","hentry","category-geral"],"views":919,"_links":{"self":[{"href":"https:\/\/www.sudoestehoje.com.br\/novoportal\/wp-json\/wp\/v2\/posts\/87592","targetHints":{"allow":["GET"]}}],"collection":[{"href":"https:\/\/www.sudoestehoje.com.br\/novoportal\/wp-json\/wp\/v2\/posts"}],"about":[{"href":"https:\/\/www.sudoestehoje.com.br\/novoportal\/wp-json\/wp\/v2\/types\/post"}],"author":[{"embeddable":true,"href":"https:\/\/www.sudoestehoje.com.br\/novoportal\/wp-json\/wp\/v2\/users\/2"}],"replies":[{"embeddable":true,"href":"https:\/\/www.sudoestehoje.com.br\/novoportal\/wp-json\/wp\/v2\/comments?post=87592"}],"version-history":[{"count":4,"href":"https:\/\/www.sudoestehoje.com.br\/novoportal\/wp-json\/wp\/v2\/posts\/87592\/revisions"}],"predecessor-version":[{"id":87601,"href":"https:\/\/www.sudoestehoje.com.br\/novoportal\/wp-json\/wp\/v2\/posts\/87592\/revisions\/87601"}],"wp:featuredmedia":[{"embeddable":true,"href":"https:\/\/www.sudoestehoje.com.br\/novoportal\/wp-json\/wp\/v2\/media\/87594"}],"wp:attachment":[{"href":"https:\/\/www.sudoestehoje.com.br\/novoportal\/wp-json\/wp\/v2\/media?parent=87592"}],"wp:term":[{"taxonomy":"category","embeddable":true,"href":"https:\/\/www.sudoestehoje.com.br\/novoportal\/wp-json\/wp\/v2\/categories?post=87592"},{"taxonomy":"post_tag","embeddable":true,"href":"https:\/\/www.sudoestehoje.com.br\/novoportal\/wp-json\/wp\/v2\/tags?post=87592"}],"curies":[{"name":"wp","href":"https:\/\/api.w.org\/{rel}","templated":true}]}}