
{"id":87579,"date":"2020-06-15T20:19:38","date_gmt":"2020-06-15T23:19:38","guid":{"rendered":"https:\/\/www.sudoestehoje.com.br\/novoportal\/?p=87579"},"modified":"2020-06-15T22:09:58","modified_gmt":"2020-06-16T01:09:58","slug":"itapetinga-idosa-de-63-anos-e-a-7a-vitima-da-covid-19-no-municipio","status":"publish","type":"post","link":"https:\/\/www.sudoestehoje.com.br\/novoportal\/2020\/06\/15\/itapetinga-idosa-de-63-anos-e-a-7a-vitima-da-covid-19-no-municipio\/","title":{"rendered":"ITAPETINGA: IDOSA DE 63 ANOS \u00c9 A 7\u00aa V\u00cdTIMA DA COVID-19 NO MUNIC\u00cdPIO"},"content":{"rendered":"<p><a href=\"https:\/\/www.sudoestehoje.com.br\/novoportal\/wp-content\/uploads\/2020\/06\/ITAPETINGA-CENTRO.jpg\"><img loading=\"lazy\" decoding=\"async\" class=\"aligncenter  wp-image-87581\" src=\"https:\/\/www.sudoestehoje.com.br\/novoportal\/wp-content\/uploads\/2020\/06\/ITAPETINGA-CENTRO.jpg\" alt=\"\" width=\"501\" height=\"376\" \/><\/a><\/p>\n<p>A Secretaria de Sa\u00fade de Itapetinga divulgou na noite desta segunda-feira (15), novo boletim confirmando mais tr\u00eas casos da Covid-19 e um \u00f3bito, elevando o n\u00famero de casos para 80 e o n\u00famero de \u00f3bitos para 7.<\/p>\n<p>Uma mulher de 63 anos com comorbidades como diabetes e doen\u00e7as card\u00edacas cr\u00f4nicas come\u00e7ou a apresentar hipotens\u00e3o e fraqueza muscular, de acordo com a Secretaria de Sa\u00fade.<\/p>\n<p>Faleceu no dia 5 deste m\u00eas e o resultado foi p\u00f3stumo. A Secretaria aguardou o contato e monitoramento da fam\u00edlia para inclu\u00ed-lo no boletim do munic\u00edpio.<\/p>\n<p><strong><em>Por Davi Ferraz<\/em><\/strong><\/p>\n","protected":false},"excerpt":{"rendered":"<p>A Secretaria de Sa\u00fade de Itapetinga divulgou na noite desta segunda-feira (15), novo boletim confirmando mais tr\u00eas casos da Covid-19 e um \u00f3bito, elevando o n\u00famero de casos para 80 e o n\u00famero de \u00f3bitos para 7. Uma mulher de 63 anos com comorbidades como diabetes e doen\u00e7as card\u00edacas cr\u00f4nicas come\u00e7ou a apresentar hipotens\u00e3o e [&hellip;]<\/p>\n","protected":false},"author":2,"featured_media":87581,"comment_status":"closed","ping_status":"open","sticky":false,"template":"","format":"standard","meta":{"footnotes":"","_links_to":"","_links_to_target":""},"categories":[1],"tags":[],"class_list":["post-87579","post","type-post","status-publish","format-standard","has-post-thumbnail","hentry","category-geral"],"views":1164,"_links":{"self":[{"href":"https:\/\/www.sudoestehoje.com.br\/novoportal\/wp-json\/wp\/v2\/posts\/87579","targetHints":{"allow":["GET"]}}],"collection":[{"href":"https:\/\/www.sudoestehoje.com.br\/novoportal\/wp-json\/wp\/v2\/posts"}],"about":[{"href":"https:\/\/www.sudoestehoje.com.br\/novoportal\/wp-json\/wp\/v2\/types\/post"}],"author":[{"embeddable":true,"href":"https:\/\/www.sudoestehoje.com.br\/novoportal\/wp-json\/wp\/v2\/users\/2"}],"replies":[{"embeddable":true,"href":"https:\/\/www.sudoestehoje.com.br\/novoportal\/wp-json\/wp\/v2\/comments?post=87579"}],"version-history":[{"count":2,"href":"https:\/\/www.sudoestehoje.com.br\/novoportal\/wp-json\/wp\/v2\/posts\/87579\/revisions"}],"predecessor-version":[{"id":87582,"href":"https:\/\/www.sudoestehoje.com.br\/novoportal\/wp-json\/wp\/v2\/posts\/87579\/revisions\/87582"}],"wp:featuredmedia":[{"embeddable":true,"href":"https:\/\/www.sudoestehoje.com.br\/novoportal\/wp-json\/wp\/v2\/media\/87581"}],"wp:attachment":[{"href":"https:\/\/www.sudoestehoje.com.br\/novoportal\/wp-json\/wp\/v2\/media?parent=87579"}],"wp:term":[{"taxonomy":"category","embeddable":true,"href":"https:\/\/www.sudoestehoje.com.br\/novoportal\/wp-json\/wp\/v2\/categories?post=87579"},{"taxonomy":"post_tag","embeddable":true,"href":"https:\/\/www.sudoestehoje.com.br\/novoportal\/wp-json\/wp\/v2\/tags?post=87579"}],"curies":[{"name":"wp","href":"https:\/\/api.w.org\/{rel}","templated":true}]}}