
{"id":87567,"date":"2020-06-15T12:34:13","date_gmt":"2020-06-15T15:34:13","guid":{"rendered":"https:\/\/www.sudoestehoje.com.br\/novoportal\/?p=87567"},"modified":"2020-06-15T20:44:39","modified_gmt":"2020-06-15T23:44:39","slug":"itambe-registra-primeiros-casos-da-covid-19","status":"publish","type":"post","link":"https:\/\/www.sudoestehoje.com.br\/novoportal\/2020\/06\/15\/itambe-registra-primeiros-casos-da-covid-19\/","title":{"rendered":"ITAMB\u00c9 REGISTRA PRIMEIROS CASOS DA COVID-19"},"content":{"rendered":"<p><a href=\"https:\/\/www.sudoestehoje.com.br\/novoportal\/wp-content\/uploads\/2020\/06\/itamb\u00e9-1000x530-1.jpg\"><img loading=\"lazy\" decoding=\"async\" class=\"aligncenter size-medium wp-image-87570\" src=\"https:\/\/www.sudoestehoje.com.br\/novoportal\/wp-content\/uploads\/2020\/06\/itamb\u00e9-1000x530-1-500x265.jpg\" alt=\"\" width=\"500\" height=\"265\" srcset=\"https:\/\/www.sudoestehoje.com.br\/novoportal\/wp-content\/uploads\/2020\/06\/itamb\u00e9-1000x530-1-500x265.jpg 500w, https:\/\/www.sudoestehoje.com.br\/novoportal\/wp-content\/uploads\/2020\/06\/itamb\u00e9-1000x530-1-700x371.jpg 700w, https:\/\/www.sudoestehoje.com.br\/novoportal\/wp-content\/uploads\/2020\/06\/itamb\u00e9-1000x530-1-768x407.jpg 768w, https:\/\/www.sudoestehoje.com.br\/novoportal\/wp-content\/uploads\/2020\/06\/itamb\u00e9-1000x530-1.jpg 1000w\" sizes=\"auto, (max-width: 500px) 100vw, 500px\" \/><\/a><\/p>\n<p>O munic\u00edpio de Itamb\u00e9 registrou neste domingo (14), os dois primeiros casos positivos de Covid-19. De acordo com a Vigil\u00e2ncia Epidemiol\u00f3gica Municipal, os pacientes apresentam sintomas leves e encontram-se em isolamento domiciliar.<\/p>\n<p>Todas as medidas necess\u00e1rias ao controle da doen\u00e7a est\u00e3o sendo intensificadas pela Secretaria Municipal de Sa\u00fade, seguindo todos os protocolos do Minist\u00e9rio da Sa\u00fade.<\/p>\n<p>A prefeitura municipal pediu \u00e0 popula\u00e7\u00e3o que redobre os cuidados e reforce o distanciamento social. <strong><em>Confira Boletim:<\/em><\/strong><\/p>\n<p><a href=\"https:\/\/www.sudoestehoje.com.br\/novoportal\/wp-content\/uploads\/2020\/06\/boletim-itamb\u00e9-2-1.jpg\"><img loading=\"lazy\" decoding=\"async\" class=\"aligncenter size-medium wp-image-87571\" src=\"https:\/\/www.sudoestehoje.com.br\/novoportal\/wp-content\/uploads\/2020\/06\/boletim-itamb\u00e9-2-1-394x700.jpg\" alt=\"\" width=\"394\" height=\"700\" srcset=\"https:\/\/www.sudoestehoje.com.br\/novoportal\/wp-content\/uploads\/2020\/06\/boletim-itamb\u00e9-2-1-394x700.jpg 394w, https:\/\/www.sudoestehoje.com.br\/novoportal\/wp-content\/uploads\/2020\/06\/boletim-itamb\u00e9-2-1-507x900.jpg 507w, https:\/\/www.sudoestehoje.com.br\/novoportal\/wp-content\/uploads\/2020\/06\/boletim-itamb\u00e9-2-1.jpg 541w\" sizes=\"auto, (max-width: 394px) 100vw, 394px\" \/><\/a><\/p>\n","protected":false},"excerpt":{"rendered":"<p>O munic\u00edpio de Itamb\u00e9 registrou neste domingo (14), os dois primeiros casos positivos de Covid-19. De acordo com a Vigil\u00e2ncia Epidemiol\u00f3gica Municipal, os pacientes apresentam sintomas leves e encontram-se em isolamento domiciliar. Todas as medidas necess\u00e1rias ao controle da doen\u00e7a est\u00e3o sendo intensificadas pela Secretaria Municipal de Sa\u00fade, seguindo todos os protocolos do Minist\u00e9rio da [&hellip;]<\/p>\n","protected":false},"author":2,"featured_media":87570,"comment_status":"closed","ping_status":"open","sticky":false,"template":"","format":"standard","meta":{"footnotes":"","_links_to":"","_links_to_target":""},"categories":[1],"tags":[],"class_list":["post-87567","post","type-post","status-publish","format-standard","has-post-thumbnail","hentry","category-geral"],"views":1034,"_links":{"self":[{"href":"https:\/\/www.sudoestehoje.com.br\/novoportal\/wp-json\/wp\/v2\/posts\/87567","targetHints":{"allow":["GET"]}}],"collection":[{"href":"https:\/\/www.sudoestehoje.com.br\/novoportal\/wp-json\/wp\/v2\/posts"}],"about":[{"href":"https:\/\/www.sudoestehoje.com.br\/novoportal\/wp-json\/wp\/v2\/types\/post"}],"author":[{"embeddable":true,"href":"https:\/\/www.sudoestehoje.com.br\/novoportal\/wp-json\/wp\/v2\/users\/2"}],"replies":[{"embeddable":true,"href":"https:\/\/www.sudoestehoje.com.br\/novoportal\/wp-json\/wp\/v2\/comments?post=87567"}],"version-history":[{"count":1,"href":"https:\/\/www.sudoestehoje.com.br\/novoportal\/wp-json\/wp\/v2\/posts\/87567\/revisions"}],"predecessor-version":[{"id":87572,"href":"https:\/\/www.sudoestehoje.com.br\/novoportal\/wp-json\/wp\/v2\/posts\/87567\/revisions\/87572"}],"wp:featuredmedia":[{"embeddable":true,"href":"https:\/\/www.sudoestehoje.com.br\/novoportal\/wp-json\/wp\/v2\/media\/87570"}],"wp:attachment":[{"href":"https:\/\/www.sudoestehoje.com.br\/novoportal\/wp-json\/wp\/v2\/media?parent=87567"}],"wp:term":[{"taxonomy":"category","embeddable":true,"href":"https:\/\/www.sudoestehoje.com.br\/novoportal\/wp-json\/wp\/v2\/categories?post=87567"},{"taxonomy":"post_tag","embeddable":true,"href":"https:\/\/www.sudoestehoje.com.br\/novoportal\/wp-json\/wp\/v2\/tags?post=87567"}],"curies":[{"name":"wp","href":"https:\/\/api.w.org\/{rel}","templated":true}]}}