
{"id":87564,"date":"2020-06-14T21:30:10","date_gmt":"2020-06-15T00:30:10","guid":{"rendered":"https:\/\/www.sudoestehoje.com.br\/novoportal\/?p=87564"},"modified":"2020-06-15T18:13:22","modified_gmt":"2020-06-15T21:13:22","slug":"nota-de-pesar-do-prof-edivaldo-brito","status":"publish","type":"post","link":"https:\/\/www.sudoestehoje.com.br\/novoportal\/2020\/06\/14\/nota-de-pesar-do-prof-edivaldo-brito\/","title":{"rendered":"NOTA DE PESAR DO PROF. EDVALDO BRITO"},"content":{"rendered":"<p><a href=\"https:\/\/www.sudoestehoje.com.br\/novoportal\/wp-content\/uploads\/2020\/06\/virginia-hagge.jpeg\"><img loading=\"lazy\" decoding=\"async\" class=\"aligncenter size-medium wp-image-87532\" src=\"https:\/\/www.sudoestehoje.com.br\/novoportal\/wp-content\/uploads\/2020\/06\/virginia-hagge-500x386.jpeg\" alt=\"\" width=\"500\" height=\"386\" srcset=\"https:\/\/www.sudoestehoje.com.br\/novoportal\/wp-content\/uploads\/2020\/06\/virginia-hagge-500x386.jpeg 500w, https:\/\/www.sudoestehoje.com.br\/novoportal\/wp-content\/uploads\/2020\/06\/virginia-hagge-700x541.jpeg 700w, https:\/\/www.sudoestehoje.com.br\/novoportal\/wp-content\/uploads\/2020\/06\/virginia-hagge-768x594.jpeg 768w, https:\/\/www.sudoestehoje.com.br\/novoportal\/wp-content\/uploads\/2020\/06\/virginia-hagge.jpeg 837w\" sizes=\"auto, (max-width: 500px) 100vw, 500px\" \/><\/a><\/p>\n<p>Privei da amizade de Virginia Hagge desde que, h\u00e1 mais de 40 anos, relaciono- me com meu velho amigo Michel Hagge, seu pai. Tenho profundo pesar pelo seu falecimento. Aproximei de seu filho Rodrigo, quando o meu, Ant\u00f4nio Brito, tamb\u00e9m dele se aproximou. \u00c9 uma fam\u00edlia da minha alta estima, participo assim da dor de todos. <em><strong>Professor Edvaldo Brito<\/strong><\/em><\/p>\n","protected":false},"excerpt":{"rendered":"<p>Privei da amizade de Virginia Hagge desde que, h\u00e1 mais de 40 anos, relaciono- me com meu velho amigo Michel Hagge, seu pai. Tenho profundo pesar pelo seu falecimento. Aproximei de seu filho Rodrigo, quando o meu, Ant\u00f4nio Brito, tamb\u00e9m dele se aproximou. \u00c9 uma fam\u00edlia da minha alta estima, participo assim da dor de [&hellip;]<\/p>\n","protected":false},"author":2,"featured_media":87532,"comment_status":"closed","ping_status":"open","sticky":false,"template":"","format":"standard","meta":{"footnotes":"","_links_to":"","_links_to_target":""},"categories":[1],"tags":[],"class_list":["post-87564","post","type-post","status-publish","format-standard","has-post-thumbnail","hentry","category-geral"],"views":979,"_links":{"self":[{"href":"https:\/\/www.sudoestehoje.com.br\/novoportal\/wp-json\/wp\/v2\/posts\/87564","targetHints":{"allow":["GET"]}}],"collection":[{"href":"https:\/\/www.sudoestehoje.com.br\/novoportal\/wp-json\/wp\/v2\/posts"}],"about":[{"href":"https:\/\/www.sudoestehoje.com.br\/novoportal\/wp-json\/wp\/v2\/types\/post"}],"author":[{"embeddable":true,"href":"https:\/\/www.sudoestehoje.com.br\/novoportal\/wp-json\/wp\/v2\/users\/2"}],"replies":[{"embeddable":true,"href":"https:\/\/www.sudoestehoje.com.br\/novoportal\/wp-json\/wp\/v2\/comments?post=87564"}],"version-history":[{"count":2,"href":"https:\/\/www.sudoestehoje.com.br\/novoportal\/wp-json\/wp\/v2\/posts\/87564\/revisions"}],"predecessor-version":[{"id":87566,"href":"https:\/\/www.sudoestehoje.com.br\/novoportal\/wp-json\/wp\/v2\/posts\/87564\/revisions\/87566"}],"wp:featuredmedia":[{"embeddable":true,"href":"https:\/\/www.sudoestehoje.com.br\/novoportal\/wp-json\/wp\/v2\/media\/87532"}],"wp:attachment":[{"href":"https:\/\/www.sudoestehoje.com.br\/novoportal\/wp-json\/wp\/v2\/media?parent=87564"}],"wp:term":[{"taxonomy":"category","embeddable":true,"href":"https:\/\/www.sudoestehoje.com.br\/novoportal\/wp-json\/wp\/v2\/categories?post=87564"},{"taxonomy":"post_tag","embeddable":true,"href":"https:\/\/www.sudoestehoje.com.br\/novoportal\/wp-json\/wp\/v2\/tags?post=87564"}],"curies":[{"name":"wp","href":"https:\/\/api.w.org\/{rel}","templated":true}]}}