
{"id":87548,"date":"2020-06-14T17:43:39","date_gmt":"2020-06-14T20:43:39","guid":{"rendered":"https:\/\/www.sudoestehoje.com.br\/novoportal\/?p=87548"},"modified":"2020-06-15T18:14:10","modified_gmt":"2020-06-15T21:14:10","slug":"morte-de-virginia-hagge-repercute-na-bahia","status":"publish","type":"post","link":"https:\/\/www.sudoestehoje.com.br\/novoportal\/2020\/06\/14\/morte-de-virginia-hagge-repercute-na-bahia\/","title":{"rendered":"MORTE DE VIRGINIA HAGGE REPERCUTE NA BAHIA"},"content":{"rendered":"<p><a href=\"https:\/\/www.sudoestehoje.com.br\/novoportal\/wp-content\/uploads\/2020\/06\/rodrigo-e-virginia.jpg\"><img loading=\"lazy\" decoding=\"async\" class=\"aligncenter size-medium wp-image-87552\" src=\"https:\/\/www.sudoestehoje.com.br\/novoportal\/wp-content\/uploads\/2020\/06\/rodrigo-e-virginia-500x250.jpg\" alt=\"\" width=\"500\" height=\"250\" srcset=\"https:\/\/www.sudoestehoje.com.br\/novoportal\/wp-content\/uploads\/2020\/06\/rodrigo-e-virginia-500x250.jpg 500w, https:\/\/www.sudoestehoje.com.br\/novoportal\/wp-content\/uploads\/2020\/06\/rodrigo-e-virginia.jpg 660w\" sizes=\"auto, (max-width: 500px) 100vw, 500px\" \/><\/a><\/p>\n<p>A ex-deputada estadual Virg\u00ednia Hagge faleceu, neste domingo (14), aos 56 anos, ap\u00f3s alguns anos tratando-se de um tumor cerebral. Virg\u00ednia \u00e9 de uma fam\u00edlia de pol\u00edticos. O pai, Michel Hagge, foi deputado estadual e prefeito de Itapetinga, no sudoeste do estado, por v\u00e1rios mandatos. Filho de Virg\u00ednia, Rodrigo Hagge \u00e9 o prefeito de Itapetinga.<\/p>\n<p>Al\u00e9m de deputada, Virg\u00ednia Hage foi superintendente do Minist\u00e9rio da Agricultura na Bahia no per\u00edodo de 2011 a 2015 e vereadora em Itapetinga, no per\u00edodo de 2005 a 2007, quando renunciou ao cargo para assumir o mandato de deputada estadual.<\/p>\n<p>A Prefeitura de Itapetinga decretou luto oficial de tr\u00eas dias no munic\u00edpio. \u201cVirg\u00ednia foi pedagoga, chefe de gabinete, secretaria de Cultura, vereadora e deputada, al\u00e9m de uma cidad\u00e3 de conduta ilibada\u201d, ressalta a nota oficial do munic\u00edpio.<\/p>\n<p>O sepultamento est\u00e1 previsto para as 9h desta segunda (15), em Itapetinga. O vel\u00f3rio ocorre na resid\u00eancia da fam\u00edlia. Virg\u00ednia deixa o filho, Rodrigo Hagge.<\/p>\n<p><strong>LUTO E LAMENTO NA ASSEMBLEIA LEGISLATIVA<\/strong><\/p>\n<p>Al\u00e9m de decretar luto na Assembleia Legislativa (Alba), Nelson Leal, presidente do Parlamento, emitiu nota em que lembra da lideran\u00e7a de Virg\u00ednia em Itapetinga e na regi\u00e3o sudoeste do Estado e a definiu como \u201cuma pessoa extremamente gentil, atuante e competente\u201d, afirmou.<\/p>\n<p><strong>GOVERNADOR RUI COSTA E SENADOR JAQUES WAGNER LAMENTARAM<\/strong><\/p>\n<p>Atrav\u00e9s de suas contas no Twitter, o governador Rui Costa e o senador Jaques Wagner tamb\u00e9m lamentaram o falecimento da ex-deputada. Confira:<\/p>\n<p><a href=\"https:\/\/www.sudoestehoje.com.br\/novoportal\/wp-content\/uploads\/2020\/06\/RUI-LAMENTA-MORTE-VIRGINIA.jpeg\"><img loading=\"lazy\" decoding=\"async\" class=\"aligncenter size-medium wp-image-87549\" src=\"https:\/\/www.sudoestehoje.com.br\/novoportal\/wp-content\/uploads\/2020\/06\/RUI-LAMENTA-MORTE-VIRGINIA-500x508.jpeg\" alt=\"\" width=\"500\" height=\"508\" srcset=\"https:\/\/www.sudoestehoje.com.br\/novoportal\/wp-content\/uploads\/2020\/06\/RUI-LAMENTA-MORTE-VIRGINIA-500x508.jpeg 500w, https:\/\/www.sudoestehoje.com.br\/novoportal\/wp-content\/uploads\/2020\/06\/RUI-LAMENTA-MORTE-VIRGINIA-700x712.jpeg 700w, https:\/\/www.sudoestehoje.com.br\/novoportal\/wp-content\/uploads\/2020\/06\/RUI-LAMENTA-MORTE-VIRGINIA-768x781.jpeg 768w, https:\/\/www.sudoestehoje.com.br\/novoportal\/wp-content\/uploads\/2020\/06\/RUI-LAMENTA-MORTE-VIRGINIA.jpeg 829w\" sizes=\"auto, (max-width: 500px) 100vw, 500px\" \/><\/a><\/p>\n<p><a href=\"https:\/\/www.sudoestehoje.com.br\/novoportal\/wp-content\/uploads\/2020\/06\/WAGNER-LAMENTA-MORTE-VIRGINIA.jpeg\"><img loading=\"lazy\" decoding=\"async\" class=\"aligncenter size-medium wp-image-87550\" src=\"https:\/\/www.sudoestehoje.com.br\/novoportal\/wp-content\/uploads\/2020\/06\/WAGNER-LAMENTA-MORTE-VIRGINIA-500x475.jpeg\" alt=\"\" width=\"500\" height=\"475\" srcset=\"https:\/\/www.sudoestehoje.com.br\/novoportal\/wp-content\/uploads\/2020\/06\/WAGNER-LAMENTA-MORTE-VIRGINIA-500x475.jpeg 500w, https:\/\/www.sudoestehoje.com.br\/novoportal\/wp-content\/uploads\/2020\/06\/WAGNER-LAMENTA-MORTE-VIRGINIA-700x665.jpeg 700w, https:\/\/www.sudoestehoje.com.br\/novoportal\/wp-content\/uploads\/2020\/06\/WAGNER-LAMENTA-MORTE-VIRGINIA-768x730.jpeg 768w, https:\/\/www.sudoestehoje.com.br\/novoportal\/wp-content\/uploads\/2020\/06\/WAGNER-LAMENTA-MORTE-VIRGINIA.jpeg 1024w\" sizes=\"auto, (max-width: 500px) 100vw, 500px\" \/><\/a><\/p>\n","protected":false},"excerpt":{"rendered":"<p>A ex-deputada estadual Virg\u00ednia Hagge faleceu, neste domingo (14), aos 56 anos, ap\u00f3s alguns anos tratando-se de um tumor cerebral. Virg\u00ednia \u00e9 de uma fam\u00edlia de pol\u00edticos. O pai, Michel Hagge, foi deputado estadual e prefeito de Itapetinga, no sudoeste do estado, por v\u00e1rios mandatos. Filho de Virg\u00ednia, Rodrigo Hagge \u00e9 o prefeito de Itapetinga. [&hellip;]<\/p>\n","protected":false},"author":2,"featured_media":87552,"comment_status":"closed","ping_status":"open","sticky":false,"template":"","format":"standard","meta":{"footnotes":"","_links_to":"","_links_to_target":""},"categories":[1],"tags":[],"class_list":["post-87548","post","type-post","status-publish","format-standard","has-post-thumbnail","hentry","category-geral"],"views":2153,"_links":{"self":[{"href":"https:\/\/www.sudoestehoje.com.br\/novoportal\/wp-json\/wp\/v2\/posts\/87548","targetHints":{"allow":["GET"]}}],"collection":[{"href":"https:\/\/www.sudoestehoje.com.br\/novoportal\/wp-json\/wp\/v2\/posts"}],"about":[{"href":"https:\/\/www.sudoestehoje.com.br\/novoportal\/wp-json\/wp\/v2\/types\/post"}],"author":[{"embeddable":true,"href":"https:\/\/www.sudoestehoje.com.br\/novoportal\/wp-json\/wp\/v2\/users\/2"}],"replies":[{"embeddable":true,"href":"https:\/\/www.sudoestehoje.com.br\/novoportal\/wp-json\/wp\/v2\/comments?post=87548"}],"version-history":[{"count":2,"href":"https:\/\/www.sudoestehoje.com.br\/novoportal\/wp-json\/wp\/v2\/posts\/87548\/revisions"}],"predecessor-version":[{"id":87553,"href":"https:\/\/www.sudoestehoje.com.br\/novoportal\/wp-json\/wp\/v2\/posts\/87548\/revisions\/87553"}],"wp:featuredmedia":[{"embeddable":true,"href":"https:\/\/www.sudoestehoje.com.br\/novoportal\/wp-json\/wp\/v2\/media\/87552"}],"wp:attachment":[{"href":"https:\/\/www.sudoestehoje.com.br\/novoportal\/wp-json\/wp\/v2\/media?parent=87548"}],"wp:term":[{"taxonomy":"category","embeddable":true,"href":"https:\/\/www.sudoestehoje.com.br\/novoportal\/wp-json\/wp\/v2\/categories?post=87548"},{"taxonomy":"post_tag","embeddable":true,"href":"https:\/\/www.sudoestehoje.com.br\/novoportal\/wp-json\/wp\/v2\/tags?post=87548"}],"curies":[{"name":"wp","href":"https:\/\/api.w.org\/{rel}","templated":true}]}}