
{"id":87538,"date":"2020-06-14T17:00:02","date_gmt":"2020-06-14T20:00:02","guid":{"rendered":"https:\/\/www.sudoestehoje.com.br\/novoportal\/?p=87538"},"modified":"2020-06-15T18:14:38","modified_gmt":"2020-06-15T21:14:38","slug":"camara-de-vereadores-declara-luto-oficial-pelo-falecimento-da-ex-vereadora-e-ex-deputada-estadual-virginia-hagge","status":"publish","type":"post","link":"https:\/\/www.sudoestehoje.com.br\/novoportal\/2020\/06\/14\/camara-de-vereadores-declara-luto-oficial-pelo-falecimento-da-ex-vereadora-e-ex-deputada-estadual-virginia-hagge\/","title":{"rendered":"C\u00c2MARA DE VEREADORES DECLARA LUTO OFICIAL PELO FALECIMENTO DA EX-VEREADORA E EX-DEPUTADA ESTADUAL VIRG\u00cdNIA HAGGE"},"content":{"rendered":"<p><a href=\"https:\/\/www.sudoestehoje.com.br\/novoportal\/wp-content\/uploads\/2020\/06\/virginia-hagge.jpeg\"><img loading=\"lazy\" decoding=\"async\" class=\"aligncenter size-medium wp-image-87532\" src=\"https:\/\/www.sudoestehoje.com.br\/novoportal\/wp-content\/uploads\/2020\/06\/virginia-hagge-500x386.jpeg\" alt=\"\" width=\"500\" height=\"386\" srcset=\"https:\/\/www.sudoestehoje.com.br\/novoportal\/wp-content\/uploads\/2020\/06\/virginia-hagge-500x386.jpeg 500w, https:\/\/www.sudoestehoje.com.br\/novoportal\/wp-content\/uploads\/2020\/06\/virginia-hagge-700x541.jpeg 700w, https:\/\/www.sudoestehoje.com.br\/novoportal\/wp-content\/uploads\/2020\/06\/virginia-hagge-768x594.jpeg 768w, https:\/\/www.sudoestehoje.com.br\/novoportal\/wp-content\/uploads\/2020\/06\/virginia-hagge.jpeg 837w\" sizes=\"auto, (max-width: 500px) 100vw, 500px\" \/><\/a><\/p>\n<p>\u00c9 com muito pesar que a C\u00e2mara Municipal de Itapetinga recebe, neste domingo (14), a not\u00edcia do falecimento da ex-vereadora e ex-deputada estadual Virg\u00ednia Hagge, que ocupou a presid\u00eancia da Mesa Diretora desta Casa Legislativa\u00a0 no bi\u00eanio 2005-2006.<\/p>\n<p>Filha do ex-prefeito Michel Jos\u00e9 Hagge Filho e de Dona Iracema Almeida Hagge, Virg\u00ednia Alice Almeida Hagge \u00e9 m\u00e3e do prefeito de Itapetinga, Rodrigo Hagge.<\/p>\n<p>Virg\u00ednia faleceu aos 56 anos em Itapetinga, onde deixa registrada uma hist\u00f3ria de ativa participa\u00e7\u00e3o na pol\u00edtica e no desenvolvimento do munic\u00edpio. Nascida em Salvador, era pedagoga formada pela Universidade Estadual do Sudoeste da Bahia (Uesb), campus de Itapetinga.<\/p>\n<p>Foi eleita vereadora em Itapetinga pelo Partido do Movimento Democr\u00e1tico Brasileiro (PMDB) para cumprir mandato entre 2005 e 2008, mas acabou renunciando em janeiro de 2007, para assumir uma cadeira na Assembleia Legislativa da Bahia. Foi deputada estadual pelo PMDB entre 2007 e 2011.<\/p>\n<p>Como presidente da C\u00e2mara Municipal de Itapetinga, marcou a hist\u00f3ria do legislativo municipal com uma atua\u00e7\u00e3o destacada pelo zelo e compromisso com a coisa p\u00fablica.<\/p>\n<p>Em sua atividade profissional em Itapetinga, Virg\u00ednia foi diretora da Biblioteca Municipal, secret\u00e1ria municipal de Cultura, chefe de gabinete da Prefeitura Municipal e professora. Em 2012, ocupou o cargo de Superintendente Federal de Agricultura na Bahia.<\/p>\n<p>Neste momento de dor, a presidenta Naara Duarte, demais vereadores e servidores lamentam a perda irrepar\u00e1vel e manifestam solidariedade aos familiares e amigos de Virg\u00ednia Hagge, que prestou relevantes servi\u00e7os \u00e0 comunidade itapetinguense e ao povo baiano, deixando para todos um legado gigante, exemplo que certamente ser\u00e1 reconhecido e levado \u00e0 frente.<\/p>\n<p>Por meio da Portaria N\u00ba689\/2020, a C\u00e2mara de Vereadores declara luto oficial de tr\u00eas dias pelo falecimento de Virg\u00ednia Hagge, contados deste domingo. O documento ressalta a import\u00e2ncia da contribui\u00e7\u00e3o da ex-vereadora e ex-deputada no decorrer de sua vida como cidad\u00e3 e militante pol\u00edtica, bem como o dever de o Poder P\u00fablico render justas homenagens \u00e0queles que, com o seu trabalho, exemplo e dedica\u00e7\u00e3o, colaboraram para o bem-estar da coletividade.<\/p>\n","protected":false},"excerpt":{"rendered":"<p>\u00c9 com muito pesar que a C\u00e2mara Municipal de Itapetinga recebe, neste domingo (14), a not\u00edcia do falecimento da ex-vereadora e ex-deputada estadual Virg\u00ednia Hagge, que ocupou a presid\u00eancia da Mesa Diretora desta Casa Legislativa\u00a0 no bi\u00eanio 2005-2006. Filha do ex-prefeito Michel Jos\u00e9 Hagge Filho e de Dona Iracema Almeida Hagge, Virg\u00ednia Alice Almeida Hagge [&hellip;]<\/p>\n","protected":false},"author":2,"featured_media":87532,"comment_status":"closed","ping_status":"open","sticky":false,"template":"","format":"standard","meta":{"footnotes":"","_links_to":"","_links_to_target":""},"categories":[1],"tags":[],"class_list":["post-87538","post","type-post","status-publish","format-standard","has-post-thumbnail","hentry","category-geral"],"views":924,"_links":{"self":[{"href":"https:\/\/www.sudoestehoje.com.br\/novoportal\/wp-json\/wp\/v2\/posts\/87538","targetHints":{"allow":["GET"]}}],"collection":[{"href":"https:\/\/www.sudoestehoje.com.br\/novoportal\/wp-json\/wp\/v2\/posts"}],"about":[{"href":"https:\/\/www.sudoestehoje.com.br\/novoportal\/wp-json\/wp\/v2\/types\/post"}],"author":[{"embeddable":true,"href":"https:\/\/www.sudoestehoje.com.br\/novoportal\/wp-json\/wp\/v2\/users\/2"}],"replies":[{"embeddable":true,"href":"https:\/\/www.sudoestehoje.com.br\/novoportal\/wp-json\/wp\/v2\/comments?post=87538"}],"version-history":[{"count":4,"href":"https:\/\/www.sudoestehoje.com.br\/novoportal\/wp-json\/wp\/v2\/posts\/87538\/revisions"}],"predecessor-version":[{"id":87542,"href":"https:\/\/www.sudoestehoje.com.br\/novoportal\/wp-json\/wp\/v2\/posts\/87538\/revisions\/87542"}],"wp:featuredmedia":[{"embeddable":true,"href":"https:\/\/www.sudoestehoje.com.br\/novoportal\/wp-json\/wp\/v2\/media\/87532"}],"wp:attachment":[{"href":"https:\/\/www.sudoestehoje.com.br\/novoportal\/wp-json\/wp\/v2\/media?parent=87538"}],"wp:term":[{"taxonomy":"category","embeddable":true,"href":"https:\/\/www.sudoestehoje.com.br\/novoportal\/wp-json\/wp\/v2\/categories?post=87538"},{"taxonomy":"post_tag","embeddable":true,"href":"https:\/\/www.sudoestehoje.com.br\/novoportal\/wp-json\/wp\/v2\/tags?post=87538"}],"curies":[{"name":"wp","href":"https:\/\/api.w.org\/{rel}","templated":true}]}}