
{"id":87524,"date":"2020-06-13T23:28:47","date_gmt":"2020-06-14T02:28:47","guid":{"rendered":"https:\/\/www.sudoestehoje.com.br\/novoportal\/?p=87524"},"modified":"2020-06-15T18:15:31","modified_gmt":"2020-06-15T21:15:31","slug":"bom-jesus-da-lapa-tem-37-casos-da-covid-19","status":"publish","type":"post","link":"https:\/\/www.sudoestehoje.com.br\/novoportal\/2020\/06\/13\/bom-jesus-da-lapa-tem-37-casos-da-covid-19\/","title":{"rendered":"BOM JESUS DA LAPA TEM 37 CASOS DA COVID-19"},"content":{"rendered":"<p><a href=\"https:\/\/www.sudoestehoje.com.br\/novoportal\/wp-content\/uploads\/2020\/06\/LAPA.jpg\"><img loading=\"lazy\" decoding=\"async\" class=\"aligncenter size-medium wp-image-87526\" src=\"https:\/\/www.sudoestehoje.com.br\/novoportal\/wp-content\/uploads\/2020\/06\/LAPA-500x326.jpg\" alt=\"\" width=\"500\" height=\"326\" srcset=\"https:\/\/www.sudoestehoje.com.br\/novoportal\/wp-content\/uploads\/2020\/06\/LAPA-500x326.jpg 500w, https:\/\/www.sudoestehoje.com.br\/novoportal\/wp-content\/uploads\/2020\/06\/LAPA.jpg 550w\" sizes=\"auto, (max-width: 500px) 100vw, 500px\" \/><\/a><\/p>\n<p>Bom Jesus da Lapa registrou, nas \u00faltimas 24 horas, dois novos casos confirmados de Covid-19, doen\u00e7a provocada pelo\u00a0 coronav\u00edrus, sendo os dois do Bairro Nova Bras\u00edlia.<\/p>\n<p>O novo boletim, divulgado no in\u00edcio da noite deste s\u00e1bado(13) pela prefeitura , informa que <strong>subiu para 37<\/strong> o n\u00famero de confirma\u00e7\u00f5es do v\u00edrus no munic\u00edpio.<\/p>\n<p>Existem ainda outros 18 casos aguardando resultado. J\u00e1 foram examinados e descartados 2.239 casos suspeitos. O munic\u00edpio\u00a0 tamb\u00e9m possui\u00a023\u00a0 casos de pessoas que conseguiram se recuperar\u00a0da infec\u00e7\u00e3o viral.<\/p>\n","protected":false},"excerpt":{"rendered":"<p>Bom Jesus da Lapa registrou, nas \u00faltimas 24 horas, dois novos casos confirmados de Covid-19, doen\u00e7a provocada pelo\u00a0 coronav\u00edrus, sendo os dois do Bairro Nova Bras\u00edlia. O novo boletim, divulgado no in\u00edcio da noite deste s\u00e1bado(13) pela prefeitura , informa que subiu para 37 o n\u00famero de confirma\u00e7\u00f5es do v\u00edrus no munic\u00edpio. Existem ainda outros [&hellip;]<\/p>\n","protected":false},"author":2,"featured_media":87526,"comment_status":"closed","ping_status":"open","sticky":false,"template":"","format":"standard","meta":{"footnotes":"","_links_to":"","_links_to_target":""},"categories":[1],"tags":[],"class_list":["post-87524","post","type-post","status-publish","format-standard","has-post-thumbnail","hentry","category-geral"],"views":918,"_links":{"self":[{"href":"https:\/\/www.sudoestehoje.com.br\/novoportal\/wp-json\/wp\/v2\/posts\/87524","targetHints":{"allow":["GET"]}}],"collection":[{"href":"https:\/\/www.sudoestehoje.com.br\/novoportal\/wp-json\/wp\/v2\/posts"}],"about":[{"href":"https:\/\/www.sudoestehoje.com.br\/novoportal\/wp-json\/wp\/v2\/types\/post"}],"author":[{"embeddable":true,"href":"https:\/\/www.sudoestehoje.com.br\/novoportal\/wp-json\/wp\/v2\/users\/2"}],"replies":[{"embeddable":true,"href":"https:\/\/www.sudoestehoje.com.br\/novoportal\/wp-json\/wp\/v2\/comments?post=87524"}],"version-history":[{"count":2,"href":"https:\/\/www.sudoestehoje.com.br\/novoportal\/wp-json\/wp\/v2\/posts\/87524\/revisions"}],"predecessor-version":[{"id":87527,"href":"https:\/\/www.sudoestehoje.com.br\/novoportal\/wp-json\/wp\/v2\/posts\/87524\/revisions\/87527"}],"wp:featuredmedia":[{"embeddable":true,"href":"https:\/\/www.sudoestehoje.com.br\/novoportal\/wp-json\/wp\/v2\/media\/87526"}],"wp:attachment":[{"href":"https:\/\/www.sudoestehoje.com.br\/novoportal\/wp-json\/wp\/v2\/media?parent=87524"}],"wp:term":[{"taxonomy":"category","embeddable":true,"href":"https:\/\/www.sudoestehoje.com.br\/novoportal\/wp-json\/wp\/v2\/categories?post=87524"},{"taxonomy":"post_tag","embeddable":true,"href":"https:\/\/www.sudoestehoje.com.br\/novoportal\/wp-json\/wp\/v2\/tags?post=87524"}],"curies":[{"name":"wp","href":"https:\/\/api.w.org\/{rel}","templated":true}]}}