
{"id":87510,"date":"2020-06-13T21:56:56","date_gmt":"2020-06-14T00:56:56","guid":{"rendered":"https:\/\/www.sudoestehoje.com.br\/novoportal\/?p=87510"},"modified":"2020-06-13T22:20:38","modified_gmt":"2020-06-14T01:20:38","slug":"caatiba-e-mais-9-municipios-tem-transporte-intermunicipal-suspenso","status":"publish","type":"post","link":"https:\/\/www.sudoestehoje.com.br\/novoportal\/2020\/06\/13\/caatiba-e-mais-9-municipios-tem-transporte-intermunicipal-suspenso\/","title":{"rendered":"CAATIBA E MAIS 9 MUNIC\u00cdPIOS T\u00caM TRANSPORTE INTERMUNICIPAL SUSPENSO"},"content":{"rendered":"<p><a href=\"https:\/\/www.sudoestehoje.com.br\/novoportal\/wp-content\/uploads\/2020\/06\/CAATIBA-1.jpg\"><img loading=\"lazy\" decoding=\"async\" class=\"aligncenter size-medium wp-image-87514\" src=\"https:\/\/www.sudoestehoje.com.br\/novoportal\/wp-content\/uploads\/2020\/06\/CAATIBA-1-500x281.jpg\" alt=\"\" width=\"500\" height=\"281\" srcset=\"https:\/\/www.sudoestehoje.com.br\/novoportal\/wp-content\/uploads\/2020\/06\/CAATIBA-1-500x281.jpg 500w, https:\/\/www.sudoestehoje.com.br\/novoportal\/wp-content\/uploads\/2020\/06\/CAATIBA-1-700x394.jpg 700w, https:\/\/www.sudoestehoje.com.br\/novoportal\/wp-content\/uploads\/2020\/06\/CAATIBA-1-768x432.jpg 768w, https:\/\/www.sudoestehoje.com.br\/novoportal\/wp-content\/uploads\/2020\/06\/CAATIBA-1.jpg 777w\" sizes=\"auto, (max-width: 500px) 100vw, 500px\" \/><\/a><\/p>\n<p>Os munic\u00edpios <strong>Caatiba<\/strong>, Lajed\u00e3o, Mirante, Morro do Chap\u00e9u, Mundo Novo, Palmeiras, Souto Soares, Tapero\u00e1 e Varzedo ter\u00e3o o transporte intermunicipal suspenso a partir de domingo (14). A medida de suspens\u00e3o de transporte, que foi prorrogada at\u00e9 o dia 21 de junho, tem o objetivo de conter o avan\u00e7o do coronav\u00edrus na popula\u00e7\u00e3o baiana.<\/p>\n<p>Com o decreto estadual, ficam proibidas nesses munic\u00edpios a circula\u00e7\u00e3o, sa\u00edda e chegada de qualquer transporte coletivo intermunicipal, p\u00fablico e privado, rodovi\u00e1rio e hidrovi\u00e1rio, nas modalidades regular, fretamento, complementar, alternativo e de vans.<\/p>\n<p>O decreto foi publicado no\u00a0<em>Di\u00e1rio Oficial do Estado (DOE)<\/em> deste s\u00e1bado (13). Ele ainda autoriza a retomada do transporte em Aratu\u00edpe, Boa Vista do Tupim e Cocos, cidades com 14 dias ou mais sem novos casos de Covid-19.Confira a lista de munic\u00edpios com transporte suspenso.<\/p>\n","protected":false},"excerpt":{"rendered":"<p>Os munic\u00edpios Caatiba, Lajed\u00e3o, Mirante, Morro do Chap\u00e9u, Mundo Novo, Palmeiras, Souto Soares, Tapero\u00e1 e Varzedo ter\u00e3o o transporte intermunicipal suspenso a partir de domingo (14). A medida de suspens\u00e3o de transporte, que foi prorrogada at\u00e9 o dia 21 de junho, tem o objetivo de conter o avan\u00e7o do coronav\u00edrus na popula\u00e7\u00e3o baiana. Com o [&hellip;]<\/p>\n","protected":false},"author":2,"featured_media":87514,"comment_status":"closed","ping_status":"open","sticky":false,"template":"","format":"standard","meta":{"footnotes":"","_links_to":"","_links_to_target":""},"categories":[1],"tags":[],"class_list":["post-87510","post","type-post","status-publish","format-standard","has-post-thumbnail","hentry","category-geral"],"views":1143,"_links":{"self":[{"href":"https:\/\/www.sudoestehoje.com.br\/novoportal\/wp-json\/wp\/v2\/posts\/87510","targetHints":{"allow":["GET"]}}],"collection":[{"href":"https:\/\/www.sudoestehoje.com.br\/novoportal\/wp-json\/wp\/v2\/posts"}],"about":[{"href":"https:\/\/www.sudoestehoje.com.br\/novoportal\/wp-json\/wp\/v2\/types\/post"}],"author":[{"embeddable":true,"href":"https:\/\/www.sudoestehoje.com.br\/novoportal\/wp-json\/wp\/v2\/users\/2"}],"replies":[{"embeddable":true,"href":"https:\/\/www.sudoestehoje.com.br\/novoportal\/wp-json\/wp\/v2\/comments?post=87510"}],"version-history":[{"count":4,"href":"https:\/\/www.sudoestehoje.com.br\/novoportal\/wp-json\/wp\/v2\/posts\/87510\/revisions"}],"predecessor-version":[{"id":87515,"href":"https:\/\/www.sudoestehoje.com.br\/novoportal\/wp-json\/wp\/v2\/posts\/87510\/revisions\/87515"}],"wp:featuredmedia":[{"embeddable":true,"href":"https:\/\/www.sudoestehoje.com.br\/novoportal\/wp-json\/wp\/v2\/media\/87514"}],"wp:attachment":[{"href":"https:\/\/www.sudoestehoje.com.br\/novoportal\/wp-json\/wp\/v2\/media?parent=87510"}],"wp:term":[{"taxonomy":"category","embeddable":true,"href":"https:\/\/www.sudoestehoje.com.br\/novoportal\/wp-json\/wp\/v2\/categories?post=87510"},{"taxonomy":"post_tag","embeddable":true,"href":"https:\/\/www.sudoestehoje.com.br\/novoportal\/wp-json\/wp\/v2\/tags?post=87510"}],"curies":[{"name":"wp","href":"https:\/\/api.w.org\/{rel}","templated":true}]}}