
{"id":87503,"date":"2020-06-13T21:48:13","date_gmt":"2020-06-14T00:48:13","guid":{"rendered":"https:\/\/www.sudoestehoje.com.br\/novoportal\/?p=87503"},"modified":"2020-06-13T22:20:52","modified_gmt":"2020-06-14T01:20:52","slug":"eunapolis-tem-aumento-de-mais-de-100-nos-casos-de-covid-19-em-10-dias-agora-sao-400","status":"publish","type":"post","link":"https:\/\/www.sudoestehoje.com.br\/novoportal\/2020\/06\/13\/eunapolis-tem-aumento-de-mais-de-100-nos-casos-de-covid-19-em-10-dias-agora-sao-400\/","title":{"rendered":"EUN\u00c1POLIS TEM AUMENTO DE MAIS DE 100% NOS CASOS DE COVID-19 EM 10 DIAS; AGORA S\u00c3O 400"},"content":{"rendered":"<p><a href=\"https:\/\/www.sudoestehoje.com.br\/novoportal\/wp-content\/uploads\/2020\/06\/EUNAPOLIS-1.jpg\"><img loading=\"lazy\" decoding=\"async\" class=\"aligncenter size-medium wp-image-87507\" src=\"https:\/\/www.sudoestehoje.com.br\/novoportal\/wp-content\/uploads\/2020\/06\/EUNAPOLIS-1-500x281.jpg\" alt=\"\" width=\"500\" height=\"281\" srcset=\"https:\/\/www.sudoestehoje.com.br\/novoportal\/wp-content\/uploads\/2020\/06\/EUNAPOLIS-1-500x281.jpg 500w, https:\/\/www.sudoestehoje.com.br\/novoportal\/wp-content\/uploads\/2020\/06\/EUNAPOLIS-1.jpg 530w\" sizes=\"auto, (max-width: 500px) 100vw, 500px\" \/><\/a><\/p>\n<p>O n\u00famero de casos de novo coronav\u00edrus disparou em Eun\u00e1polis, no extremo-sul da Bahia, nos \u00faltimos 10 dias. De acordo com a Secretaria Municipal de Sa\u00fade, eram 190 infectados pelo v\u00edrus no dia 3 deste m\u00eas. Hoje, conforme boletim epidemiol\u00f3gico, <strong>s\u00e3o 400 casos<\/strong>. S\u00e3o 210 pessoas que testaram positivo nos \u00faltimos dias.<\/p>\n<p>O n\u00famero de \u00f3bitos tamb\u00e9m disparou. Eram dois no dia 3. Esse n\u00famero chegou a sete, sendo que o \u00faltimo ocorreu na sexta-feira (12). A v\u00edtima foi um homem de 59 anos, que possu\u00eda hist\u00f3rico de hipertens\u00e3o. Ele estava internado no Hospital Regional de Euna\u0301polis .<\/p>\n<p>Nas \u00faltimas 24 horas, foram confirmados 21 casos da Covid-19. Agora, Eun\u00e1polis contabiliza 400 infectados pelo coronavi\u0301rus, com 93 recuperados, 278 em isolamento domiciliar e 22 internamentos.<\/p>\n<p>Os pacientes confirmados com a covid-19 neste sa\u0301bado sa\u0303o uma crian\u00e7a (1 ano), 12 mulheres (22, 24, 27, 29, 29, 35, 39, 37, 41, 44, 44 e 54) e oito homens (25, 26, 29, 34, 42, 51, 51 e 60 anos), que encontram-se em isolamento domiciliar com sintomas leves.<\/p>\n<p>Os 22 pacientes internados com o novo coronav\u00edrus est\u00e3o no Hospital Regional em Eun\u00e1polis (6), Hospital AMES (9), Hospital Ramos (1), no Hospital Lu\u00eds Eduardo Magalh\u00e3es (4), em Porto Seguro, e Vito\u0301ria da Conquista (2). \/\/Pimenta<\/p>\n","protected":false},"excerpt":{"rendered":"<p>O n\u00famero de casos de novo coronav\u00edrus disparou em Eun\u00e1polis, no extremo-sul da Bahia, nos \u00faltimos 10 dias. De acordo com a Secretaria Municipal de Sa\u00fade, eram 190 infectados pelo v\u00edrus no dia 3 deste m\u00eas. Hoje, conforme boletim epidemiol\u00f3gico, s\u00e3o 400 casos. S\u00e3o 210 pessoas que testaram positivo nos \u00faltimos dias. O n\u00famero de [&hellip;]<\/p>\n","protected":false},"author":2,"featured_media":87507,"comment_status":"closed","ping_status":"open","sticky":false,"template":"","format":"standard","meta":{"footnotes":"","_links_to":"","_links_to_target":""},"categories":[1],"tags":[],"class_list":["post-87503","post","type-post","status-publish","format-standard","has-post-thumbnail","hentry","category-geral"],"views":960,"_links":{"self":[{"href":"https:\/\/www.sudoestehoje.com.br\/novoportal\/wp-json\/wp\/v2\/posts\/87503","targetHints":{"allow":["GET"]}}],"collection":[{"href":"https:\/\/www.sudoestehoje.com.br\/novoportal\/wp-json\/wp\/v2\/posts"}],"about":[{"href":"https:\/\/www.sudoestehoje.com.br\/novoportal\/wp-json\/wp\/v2\/types\/post"}],"author":[{"embeddable":true,"href":"https:\/\/www.sudoestehoje.com.br\/novoportal\/wp-json\/wp\/v2\/users\/2"}],"replies":[{"embeddable":true,"href":"https:\/\/www.sudoestehoje.com.br\/novoportal\/wp-json\/wp\/v2\/comments?post=87503"}],"version-history":[{"count":5,"href":"https:\/\/www.sudoestehoje.com.br\/novoportal\/wp-json\/wp\/v2\/posts\/87503\/revisions"}],"predecessor-version":[{"id":87509,"href":"https:\/\/www.sudoestehoje.com.br\/novoportal\/wp-json\/wp\/v2\/posts\/87503\/revisions\/87509"}],"wp:featuredmedia":[{"embeddable":true,"href":"https:\/\/www.sudoestehoje.com.br\/novoportal\/wp-json\/wp\/v2\/media\/87507"}],"wp:attachment":[{"href":"https:\/\/www.sudoestehoje.com.br\/novoportal\/wp-json\/wp\/v2\/media?parent=87503"}],"wp:term":[{"taxonomy":"category","embeddable":true,"href":"https:\/\/www.sudoestehoje.com.br\/novoportal\/wp-json\/wp\/v2\/categories?post=87503"},{"taxonomy":"post_tag","embeddable":true,"href":"https:\/\/www.sudoestehoje.com.br\/novoportal\/wp-json\/wp\/v2\/tags?post=87503"}],"curies":[{"name":"wp","href":"https:\/\/api.w.org\/{rel}","templated":true}]}}