
{"id":8749,"date":"2011-09-16T00:04:00","date_gmt":"2011-09-16T03:04:00","guid":{"rendered":"http:\/\/www.sudoestehoje.com.br\/novoportal\/?p=8749"},"modified":"2011-09-16T00:04:00","modified_gmt":"2011-09-16T03:04:00","slug":"dr-arnaldo-faz-reuniao-com-moradores-da-vila-isabel","status":"publish","type":"post","link":"https:\/\/www.sudoestehoje.com.br\/novoportal\/2011\/09\/16\/dr-arnaldo-faz-reuniao-com-moradores-da-vila-isabel\/","title":{"rendered":"DR. ARNALDO FAZ REUNI\u00c3O COM MORADORES DA VILA ISABEL"},"content":{"rendered":"<p style=\"text-align: center;\">\n<div id=\"attachment_8751\" style=\"width: 410px\" class=\"wp-caption aligncenter\"><a href=\"http:\/\/www.sudoestehoje.com.br\/novoportal\/wp-content\/uploads\/2011\/09\/ARNALDO-11.jpg\"><img decoding=\"async\" aria-describedby=\"caption-attachment-8751\" class=\"size-full wp-image-8751 \" title=\"ARNALDO 1\" src=\"http:\/\/www.sudoestehoje.com.br\/novoportal\/wp-content\/uploads\/2011\/09\/ARNALDO-11.jpg\" alt=\"\" width=\"400\" \/><\/a><p id=\"caption-attachment-8751\" class=\"wp-caption-text\">Dr. Arnaldo Teixeira continua se reunindo nos bairros, levando as suas propostas para serem avaliadas pela popula\u00e7\u00e3o (fotos: Assessoria de imprensa)<\/p><\/div>\n<p>ITAPETINGA: Nesta quinta-feira (15\/09\/2011) o m\u00e9dico Arnaldo Teixeira realizou mais uma  reuni\u00e3o, fora de sua resid\u00eancia. \u00a0Desta vez foi na Vila Isabel, na  casa da senhora Cida, pessoa muito conhecida no bairro pelo seu trabalho social  e pr\u00e9-candidata a vereadora. O Dr. Arnaldo Teixeira pode mais uma vez expor suas  propostas politicas e ouvir os moradores. Assim como houve em outros encontros,  a participa\u00e7\u00e3o do povo foi muito grande.<\/p>\n<div id=\"attachment_8752\" style=\"width: 410px\" class=\"wp-caption aligncenter\"><a href=\"http:\/\/www.sudoestehoje.com.br\/novoportal\/wp-content\/uploads\/2011\/09\/ARNALDO1.jpg\"><img decoding=\"async\" aria-describedby=\"caption-attachment-8752\" class=\"size-full wp-image-8752 \" title=\"ARNALDO\" src=\"http:\/\/www.sudoestehoje.com.br\/novoportal\/wp-content\/uploads\/2011\/09\/ARNALDO1.jpg\" alt=\"\" width=\"400\" \/><\/a><p id=\"caption-attachment-8752\" class=\"wp-caption-text\">Moradores da Vila Isabel ouviram com aten\u00e7\u00e3o as propostas do pr\u00e9-candidato Arnaldo Teixeira e se queixaram do abandono da atual administra\u00e7\u00e3o municipal <\/p><\/div>\n<p>Os moradores expressaram a sua  insatisfa\u00e7\u00e3o com a atual administra\u00e7\u00e3o, falaram que os problemas das Vilas v\u00e3o  bem mais al\u00e9m que a pavimenta\u00e7\u00e3o da Av. Julio Jos\u00e9 Rodrigues, como tamb\u00e9m a  falta de infraestrutura completa do bairro e, sendo que nas Vilas est\u00e3o situadas  as maiores empresas de nossa cidade e merece um tratamento melhor dos gestores  no nosso munic\u00edpio. Com isto a pr\u00e9-candidatura do Dr. Arnaldo esta ganhando a  cada dia mais adeptos.<\/p>\n<p><em><strong>ASCOM<\/strong><\/em><\/p>\n","protected":false},"excerpt":{"rendered":"<p>ITAPETINGA: Nesta quinta-feira (15\/09\/2011) o m\u00e9dico Arnaldo Teixeira realizou mais uma reuni\u00e3o, fora de sua resid\u00eancia. \u00a0Desta vez foi na Vila Isabel, na casa da senhora Cida, pessoa muito conhecida no bairro pelo seu trabalho social e pr\u00e9-candidata a vereadora. O Dr. Arnaldo Teixeira pode mais uma vez expor suas propostas politicas e ouvir os [&hellip;]<\/p>\n","protected":false},"author":2,"featured_media":0,"comment_status":"open","ping_status":"open","sticky":false,"template":"","format":"standard","meta":{"footnotes":"","_links_to":"","_links_to_target":""},"categories":[1],"tags":[],"class_list":["post-8749","post","type-post","status-publish","format-standard","hentry","category-geral"],"views":1315,"_links":{"self":[{"href":"https:\/\/www.sudoestehoje.com.br\/novoportal\/wp-json\/wp\/v2\/posts\/8749","targetHints":{"allow":["GET"]}}],"collection":[{"href":"https:\/\/www.sudoestehoje.com.br\/novoportal\/wp-json\/wp\/v2\/posts"}],"about":[{"href":"https:\/\/www.sudoestehoje.com.br\/novoportal\/wp-json\/wp\/v2\/types\/post"}],"author":[{"embeddable":true,"href":"https:\/\/www.sudoestehoje.com.br\/novoportal\/wp-json\/wp\/v2\/users\/2"}],"replies":[{"embeddable":true,"href":"https:\/\/www.sudoestehoje.com.br\/novoportal\/wp-json\/wp\/v2\/comments?post=8749"}],"version-history":[{"count":10,"href":"https:\/\/www.sudoestehoje.com.br\/novoportal\/wp-json\/wp\/v2\/posts\/8749\/revisions"}],"predecessor-version":[{"id":8771,"href":"https:\/\/www.sudoestehoje.com.br\/novoportal\/wp-json\/wp\/v2\/posts\/8749\/revisions\/8771"}],"wp:attachment":[{"href":"https:\/\/www.sudoestehoje.com.br\/novoportal\/wp-json\/wp\/v2\/media?parent=8749"}],"wp:term":[{"taxonomy":"category","embeddable":true,"href":"https:\/\/www.sudoestehoje.com.br\/novoportal\/wp-json\/wp\/v2\/categories?post=8749"},{"taxonomy":"post_tag","embeddable":true,"href":"https:\/\/www.sudoestehoje.com.br\/novoportal\/wp-json\/wp\/v2\/tags?post=8749"}],"curies":[{"name":"wp","href":"https:\/\/api.w.org\/{rel}","templated":true}]}}