
{"id":87458,"date":"2020-06-12T19:29:29","date_gmt":"2020-06-12T22:29:29","guid":{"rendered":"https:\/\/www.sudoestehoje.com.br\/novoportal\/?p=87458"},"modified":"2020-06-12T20:10:36","modified_gmt":"2020-06-12T23:10:36","slug":"itapetinga-mulher-que-morreu-com-sintomas-da-covid-19-nao-teve-resultado-confirmado-pelo-lacen","status":"publish","type":"post","link":"https:\/\/www.sudoestehoje.com.br\/novoportal\/2020\/06\/12\/itapetinga-mulher-que-morreu-com-sintomas-da-covid-19-nao-teve-resultado-confirmado-pelo-lacen\/","title":{"rendered":"MULHER QUE MORREU COM SINTOMAS DA COVID-19 AINDA N\u00c3O FOI TESTADO PELO LACEN"},"content":{"rendered":"<p><a href=\"https:\/\/www.sudoestehoje.com.br\/novoportal\/wp-content\/uploads\/2020\/06\/NEGUINHA.jpg\"><img loading=\"lazy\" decoding=\"async\" class=\"aligncenter size-medium wp-image-87460\" src=\"https:\/\/www.sudoestehoje.com.br\/novoportal\/wp-content\/uploads\/2020\/06\/NEGUINHA-500x509.jpg\" alt=\"\" width=\"500\" height=\"509\" srcset=\"https:\/\/www.sudoestehoje.com.br\/novoportal\/wp-content\/uploads\/2020\/06\/NEGUINHA-500x509.jpg 500w, https:\/\/www.sudoestehoje.com.br\/novoportal\/wp-content\/uploads\/2020\/06\/NEGUINHA.jpg 585w\" sizes=\"auto, (max-width: 500px) 100vw, 500px\" \/><\/a><\/p>\n<p>Uma mulher, 55 anos, iniciou seus sintomas no 25 de maio apresentou febre, aumento da press\u00e3o arterial e desconforto respirat\u00f3rio. Procurou a UPA no dia 01 de junho apresentando diminui\u00e7\u00e3o da satura\u00e7\u00e3o de oxig\u00eanio e dispneia. A Vigil\u00e2ncia foi informada e, no dia 02, fez a coleta de material para o exame que foi enviado ao Lacen. No mesmo dia, a paciente foi transferida para o Hospital das Cl\u00ednicas de Conquista aonde permaneceu at\u00e9 o final da semana passada.<\/p>\n<p>Em casa, a paciente recebeu a visita da Vigil\u00e2ncia Epidemiol\u00f3gica no dia 08 e o monitoramento se seguiu. No dia 10, ela voltou a apresentar problemas respirat\u00f3rios e baixa satura\u00e7\u00e3o e retornou \u00e0 UPA. A Central de Regula\u00e7\u00e3o providenciava sua transfer\u00eancia, mas ela n\u00e3o resistiu.<\/p>\n<p>O Lacen ainda n\u00e3o enviou o resultado do exame, mas a paciente j\u00e1 havia feito exame de sorologia particular e seu resultado deu IGG reagente e IGM n\u00e3o reagente, o que significa que ela teve contato em determinado momento, mas que a carga viral baixou.<\/p>\n<p>S\u00f3 o RT-PCR poder\u00e1 atestar com seguran\u00e7a se ela estava ou n\u00e3o com a Covid-19. Confira boletim de hoje:<\/p>\n<p><a href=\"https:\/\/www.sudoestehoje.com.br\/novoportal\/wp-content\/uploads\/2020\/06\/BOLETIM-37-CASOS.jpeg\"><img loading=\"lazy\" decoding=\"async\" class=\"aligncenter size-medium wp-image-87467\" src=\"https:\/\/www.sudoestehoje.com.br\/novoportal\/wp-content\/uploads\/2020\/06\/BOLETIM-37-CASOS-394x700.jpeg\" alt=\"\" width=\"394\" height=\"700\" srcset=\"https:\/\/www.sudoestehoje.com.br\/novoportal\/wp-content\/uploads\/2020\/06\/BOLETIM-37-CASOS-394x700.jpeg 394w, https:\/\/www.sudoestehoje.com.br\/novoportal\/wp-content\/uploads\/2020\/06\/BOLETIM-37-CASOS-506x900.jpeg 506w, https:\/\/www.sudoestehoje.com.br\/novoportal\/wp-content\/uploads\/2020\/06\/BOLETIM-37-CASOS.jpeg 664w\" sizes=\"auto, (max-width: 394px) 100vw, 394px\" \/><\/a><\/p>\n","protected":false},"excerpt":{"rendered":"<p>Uma mulher, 55 anos, iniciou seus sintomas no 25 de maio apresentou febre, aumento da press\u00e3o arterial e desconforto respirat\u00f3rio. Procurou a UPA no dia 01 de junho apresentando diminui\u00e7\u00e3o da satura\u00e7\u00e3o de oxig\u00eanio e dispneia. A Vigil\u00e2ncia foi informada e, no dia 02, fez a coleta de material para o exame que foi enviado [&hellip;]<\/p>\n","protected":false},"author":2,"featured_media":87460,"comment_status":"closed","ping_status":"open","sticky":false,"template":"","format":"standard","meta":{"footnotes":"","_links_to":"","_links_to_target":""},"categories":[1],"tags":[],"class_list":["post-87458","post","type-post","status-publish","format-standard","has-post-thumbnail","hentry","category-geral"],"views":1912,"_links":{"self":[{"href":"https:\/\/www.sudoestehoje.com.br\/novoportal\/wp-json\/wp\/v2\/posts\/87458","targetHints":{"allow":["GET"]}}],"collection":[{"href":"https:\/\/www.sudoestehoje.com.br\/novoportal\/wp-json\/wp\/v2\/posts"}],"about":[{"href":"https:\/\/www.sudoestehoje.com.br\/novoportal\/wp-json\/wp\/v2\/types\/post"}],"author":[{"embeddable":true,"href":"https:\/\/www.sudoestehoje.com.br\/novoportal\/wp-json\/wp\/v2\/users\/2"}],"replies":[{"embeddable":true,"href":"https:\/\/www.sudoestehoje.com.br\/novoportal\/wp-json\/wp\/v2\/comments?post=87458"}],"version-history":[{"count":5,"href":"https:\/\/www.sudoestehoje.com.br\/novoportal\/wp-json\/wp\/v2\/posts\/87458\/revisions"}],"predecessor-version":[{"id":87470,"href":"https:\/\/www.sudoestehoje.com.br\/novoportal\/wp-json\/wp\/v2\/posts\/87458\/revisions\/87470"}],"wp:featuredmedia":[{"embeddable":true,"href":"https:\/\/www.sudoestehoje.com.br\/novoportal\/wp-json\/wp\/v2\/media\/87460"}],"wp:attachment":[{"href":"https:\/\/www.sudoestehoje.com.br\/novoportal\/wp-json\/wp\/v2\/media?parent=87458"}],"wp:term":[{"taxonomy":"category","embeddable":true,"href":"https:\/\/www.sudoestehoje.com.br\/novoportal\/wp-json\/wp\/v2\/categories?post=87458"},{"taxonomy":"post_tag","embeddable":true,"href":"https:\/\/www.sudoestehoje.com.br\/novoportal\/wp-json\/wp\/v2\/tags?post=87458"}],"curies":[{"name":"wp","href":"https:\/\/api.w.org\/{rel}","templated":true}]}}