
{"id":87445,"date":"2020-06-11T21:33:52","date_gmt":"2020-06-12T00:33:52","guid":{"rendered":"https:\/\/www.sudoestehoje.com.br\/novoportal\/?p=87445"},"modified":"2020-06-11T22:12:28","modified_gmt":"2020-06-12T01:12:28","slug":"caatiba-registra-mais-dois-pacientes-com-covid-19-nesta-quinta-agora-sao-3-casos","status":"publish","type":"post","link":"https:\/\/www.sudoestehoje.com.br\/novoportal\/2020\/06\/11\/caatiba-registra-mais-dois-pacientes-com-covid-19-nesta-quinta-agora-sao-3-casos\/","title":{"rendered":"CAATIBA REGISTRA MAIS DOIS PACIENTES COM COVID-19 NESTA QUINTA; AGORA S\u00c3O 3 CASOS"},"content":{"rendered":"<p><a href=\"https:\/\/www.sudoestehoje.com.br\/novoportal\/wp-content\/uploads\/2020\/06\/BOLETIM-3-CASOS-CAATIBA.jpg\"><img loading=\"lazy\" decoding=\"async\" class=\"aligncenter size-medium wp-image-87446\" src=\"https:\/\/www.sudoestehoje.com.br\/novoportal\/wp-content\/uploads\/2020\/06\/BOLETIM-3-CASOS-CAATIBA-481x700.jpg\" alt=\"\" width=\"481\" height=\"700\" srcset=\"https:\/\/www.sudoestehoje.com.br\/novoportal\/wp-content\/uploads\/2020\/06\/BOLETIM-3-CASOS-CAATIBA-481x700.jpg 481w, https:\/\/www.sudoestehoje.com.br\/novoportal\/wp-content\/uploads\/2020\/06\/BOLETIM-3-CASOS-CAATIBA-618x900.jpg 618w, https:\/\/www.sudoestehoje.com.br\/novoportal\/wp-content\/uploads\/2020\/06\/BOLETIM-3-CASOS-CAATIBA.jpg 659w\" sizes=\"auto, (max-width: 481px) 100vw, 481px\" \/><\/a><\/p>\n<p>A Secretaria Municipal de Sa\u00fade de Caatiba informa que foram notificados mais 02 casos positivos para COVID-19 no munic\u00edpio, na tarde dessa quinta-feira (11\/06). Trata-se de contatos pr\u00f3ximos do 1\u00b0 caso notificado.<br \/>\nO munic\u00edpio agora registra 03 casos positivos para COVID-19. A equipe de Vigil\u00e2ncia \u00e0 Sa\u00fade est\u00e1 realizando a busca de todos os contatos pr\u00f3ximos para realiza\u00e7\u00e3o das condutas necess\u00e1rias conforme orienta\u00e7\u00f5es do Minist\u00e9rio de Sa\u00fade.<\/p>\n<p>Dessa <span class=\"text_exposed_show\">forma comunicamos que at\u00e9 a presente data (11\/06) h\u00e1 53 casos monitorados, 19 casos notificados, 03 casos confirmados (03 casos por teste r\u00e1pido), 16 casos descartados (sendo 14 casos negativos por teste r\u00e1pido e 02 casos negativos por teste laboratorial RT-PCR) e 01 caso aguardando resultado.<\/span><\/p>\n<p><span class=\"text_exposed_show\">Mediante esses dados pedimos a colabora\u00e7\u00e3o das pessoas para ficar em casa, lavar as m\u00e3os com frequ\u00eancia, se houver a necessidade de sair use m\u00e1scaras de tecido e evite aglomera\u00e7\u00e3o de qualquer natureza.<br \/>\nEm caso dos sintomas como: dor de garganta, febre, coriza, falta de ar, perda de olfato ou paladar, ligue para as equipes de sa\u00fade:<\/span><\/p>\n<p><span class=\"text_exposed_show\">(77) 98863-0047<br \/>\n(77) 98121-5340<br \/>\n(77)98101-2110<br \/>\n(77)98112-1776<br \/>\n<a class=\"_58cn\" href=\"https:\/\/www.facebook.com\/hashtag\/se_puder_fica_em_casa?__eep__=6&amp;source=feed_text&amp;epa=HASHTAG\" data-ft=\"{&quot;type&quot;:104,&quot;tn&quot;:&quot;*N&quot;}\"><span class=\"_5afx\"><span class=\"_58cl _5afz\" aria-label=\"hashtag\">#<\/span><span class=\"_58cm\">SE_PUDER_FICA_EM_CASA<\/span><\/span><\/a><br \/>\n<a class=\"_58cn\" href=\"https:\/\/www.facebook.com\/hashtag\/use_m%C3%A1scara?__eep__=6&amp;source=feed_text&amp;epa=HASHTAG\" data-ft=\"{&quot;type&quot;:104,&quot;tn&quot;:&quot;*N&quot;}\"><span class=\"_5afx\"><span class=\"_58cl _5afz\" aria-label=\"hashtag\">#<\/span><span class=\"_58cm\">USE_M\u00c1SCARA<\/span><\/span><\/a><br \/>\n<a class=\"_58cn\" href=\"https:\/\/www.facebook.com\/hashtag\/m%C3%A1scara_salva?__eep__=6&amp;source=feed_text&amp;epa=HASHTAG\" data-ft=\"{&quot;type&quot;:104,&quot;tn&quot;:&quot;*N&quot;}\"><span class=\"_5afx\"><span class=\"_58cl _5afz\" aria-label=\"hashtag\">#<\/span><span class=\"_58cm\">M\u00c1SCARA_SALVA<\/span><\/span><\/a><\/span><\/p>\n","protected":false},"excerpt":{"rendered":"<p>A Secretaria Municipal de Sa\u00fade de Caatiba informa que foram notificados mais 02 casos positivos para COVID-19 no munic\u00edpio, na tarde dessa quinta-feira (11\/06). Trata-se de contatos pr\u00f3ximos do 1\u00b0 caso notificado. O munic\u00edpio agora registra 03 casos positivos para COVID-19. A equipe de Vigil\u00e2ncia \u00e0 Sa\u00fade est\u00e1 realizando a busca de todos os contatos [&hellip;]<\/p>\n","protected":false},"author":2,"featured_media":87446,"comment_status":"closed","ping_status":"open","sticky":false,"template":"","format":"standard","meta":{"footnotes":"","_links_to":"","_links_to_target":""},"categories":[1],"tags":[],"class_list":["post-87445","post","type-post","status-publish","format-standard","has-post-thumbnail","hentry","category-geral"],"views":1017,"_links":{"self":[{"href":"https:\/\/www.sudoestehoje.com.br\/novoportal\/wp-json\/wp\/v2\/posts\/87445","targetHints":{"allow":["GET"]}}],"collection":[{"href":"https:\/\/www.sudoestehoje.com.br\/novoportal\/wp-json\/wp\/v2\/posts"}],"about":[{"href":"https:\/\/www.sudoestehoje.com.br\/novoportal\/wp-json\/wp\/v2\/types\/post"}],"author":[{"embeddable":true,"href":"https:\/\/www.sudoestehoje.com.br\/novoportal\/wp-json\/wp\/v2\/users\/2"}],"replies":[{"embeddable":true,"href":"https:\/\/www.sudoestehoje.com.br\/novoportal\/wp-json\/wp\/v2\/comments?post=87445"}],"version-history":[{"count":2,"href":"https:\/\/www.sudoestehoje.com.br\/novoportal\/wp-json\/wp\/v2\/posts\/87445\/revisions"}],"predecessor-version":[{"id":87448,"href":"https:\/\/www.sudoestehoje.com.br\/novoportal\/wp-json\/wp\/v2\/posts\/87445\/revisions\/87448"}],"wp:featuredmedia":[{"embeddable":true,"href":"https:\/\/www.sudoestehoje.com.br\/novoportal\/wp-json\/wp\/v2\/media\/87446"}],"wp:attachment":[{"href":"https:\/\/www.sudoestehoje.com.br\/novoportal\/wp-json\/wp\/v2\/media?parent=87445"}],"wp:term":[{"taxonomy":"category","embeddable":true,"href":"https:\/\/www.sudoestehoje.com.br\/novoportal\/wp-json\/wp\/v2\/categories?post=87445"},{"taxonomy":"post_tag","embeddable":true,"href":"https:\/\/www.sudoestehoje.com.br\/novoportal\/wp-json\/wp\/v2\/tags?post=87445"}],"curies":[{"name":"wp","href":"https:\/\/api.w.org\/{rel}","templated":true}]}}