
{"id":87440,"date":"2020-06-11T21:25:09","date_gmt":"2020-06-12T00:25:09","guid":{"rendered":"https:\/\/www.sudoestehoje.com.br\/novoportal\/?p=87440"},"modified":"2020-06-11T22:12:40","modified_gmt":"2020-06-12T01:12:40","slug":"itapetinga-decreto-de-rodrigo-fecha-comercio-por-quatro-dias-a-partir-de-sabado","status":"publish","type":"post","link":"https:\/\/www.sudoestehoje.com.br\/novoportal\/2020\/06\/11\/itapetinga-decreto-de-rodrigo-fecha-comercio-por-quatro-dias-a-partir-de-sabado\/","title":{"rendered":"ITAPETINGA: DECRETO DE RODRIGO FECHA COM\u00c9RCIO POR QUATRO DIAS A PARTIR DE S\u00c1BADO"},"content":{"rendered":"<p><a href=\"https:\/\/www.sudoestehoje.com.br\/novoportal\/wp-content\/uploads\/2020\/06\/Com\u00e9rcio-de-Itapetinga.jpg\"><img loading=\"lazy\" decoding=\"async\" class=\"aligncenter size-medium wp-image-87443\" src=\"https:\/\/www.sudoestehoje.com.br\/novoportal\/wp-content\/uploads\/2020\/06\/Com\u00e9rcio-de-Itapetinga-500x375.jpg\" alt=\"\" width=\"500\" height=\"375\" srcset=\"https:\/\/www.sudoestehoje.com.br\/novoportal\/wp-content\/uploads\/2020\/06\/Com\u00e9rcio-de-Itapetinga-500x375.jpg 500w, https:\/\/www.sudoestehoje.com.br\/novoportal\/wp-content\/uploads\/2020\/06\/Com\u00e9rcio-de-Itapetinga.jpg 640w\" sizes=\"auto, (max-width: 500px) 100vw, 500px\" \/><\/a><\/p>\n<p>Com o aumento do n\u00famero de casos confirmados e o enquadramento do munic\u00edpio como lugar de contamina\u00e7\u00e3o comunit\u00e1ria, a prefeitura decidiu, junto com a CDL e o Gabinete de Crise, suspender as atividades comerciais da tarde do dia 13 ao dia 16 de junho.<\/p>\n<p>Os estabelecimentos comerciais s\u00f3 poder\u00e3o atender no sistema de Delivery e Drive Thru, assim como j\u00e1 vem acontecendo com bares, lanchonetes e restaurantes.<\/p>\n<p>Apenas os estabelecimentos que oferecem servi\u00e7os essenciais, como farm\u00e1cias, servi\u00e7os de sa\u00fade, postos de combust\u00edvel e lojas de g\u00eaneros aliment\u00edcios poder\u00e3o manter o atendimento ao p\u00fablico.<\/p>\n<p>Ind\u00fastrias tamb\u00e9m poder\u00e3o funcionar observando todos os crit\u00e9rios de seguran\u00e7a j\u00e1 explicitados em decreto anterior.<\/p>\n<p><em>\u201cRefor\u00e7o que todos devem intensificar as medidas de seguran\u00e7a. N\u00f3s reabrimos o com\u00e9rcio como forma de garantir a sustentabilidade da nossa economia, mas \u00e9 preciso que todos entendam que os cuidados precisam ser redobrados. Devemos continuar em casa quando poss\u00edvel. Quando for essencial sair, devemos ter a aten\u00e7\u00e3o com o uso de m\u00e1scara, a higieniza\u00e7\u00e3o das m\u00e3os, a dist\u00e2ncia recomendada. S\u00f3 conseguiremos controlar o cont\u00e1gio com o aux\u00edlio de todos\u201d<\/em>, explicou o prefeito Rodrigo Hagge.<\/p>\n","protected":false},"excerpt":{"rendered":"<p>Com o aumento do n\u00famero de casos confirmados e o enquadramento do munic\u00edpio como lugar de contamina\u00e7\u00e3o comunit\u00e1ria, a prefeitura decidiu, junto com a CDL e o Gabinete de Crise, suspender as atividades comerciais da tarde do dia 13 ao dia 16 de junho. Os estabelecimentos comerciais s\u00f3 poder\u00e3o atender no sistema de Delivery e [&hellip;]<\/p>\n","protected":false},"author":2,"featured_media":87443,"comment_status":"closed","ping_status":"open","sticky":false,"template":"","format":"standard","meta":{"footnotes":"","_links_to":"","_links_to_target":""},"categories":[1],"tags":[],"class_list":["post-87440","post","type-post","status-publish","format-standard","has-post-thumbnail","hentry","category-geral"],"views":1553,"_links":{"self":[{"href":"https:\/\/www.sudoestehoje.com.br\/novoportal\/wp-json\/wp\/v2\/posts\/87440","targetHints":{"allow":["GET"]}}],"collection":[{"href":"https:\/\/www.sudoestehoje.com.br\/novoportal\/wp-json\/wp\/v2\/posts"}],"about":[{"href":"https:\/\/www.sudoestehoje.com.br\/novoportal\/wp-json\/wp\/v2\/types\/post"}],"author":[{"embeddable":true,"href":"https:\/\/www.sudoestehoje.com.br\/novoportal\/wp-json\/wp\/v2\/users\/2"}],"replies":[{"embeddable":true,"href":"https:\/\/www.sudoestehoje.com.br\/novoportal\/wp-json\/wp\/v2\/comments?post=87440"}],"version-history":[{"count":3,"href":"https:\/\/www.sudoestehoje.com.br\/novoportal\/wp-json\/wp\/v2\/posts\/87440\/revisions"}],"predecessor-version":[{"id":87444,"href":"https:\/\/www.sudoestehoje.com.br\/novoportal\/wp-json\/wp\/v2\/posts\/87440\/revisions\/87444"}],"wp:featuredmedia":[{"embeddable":true,"href":"https:\/\/www.sudoestehoje.com.br\/novoportal\/wp-json\/wp\/v2\/media\/87443"}],"wp:attachment":[{"href":"https:\/\/www.sudoestehoje.com.br\/novoportal\/wp-json\/wp\/v2\/media?parent=87440"}],"wp:term":[{"taxonomy":"category","embeddable":true,"href":"https:\/\/www.sudoestehoje.com.br\/novoportal\/wp-json\/wp\/v2\/categories?post=87440"},{"taxonomy":"post_tag","embeddable":true,"href":"https:\/\/www.sudoestehoje.com.br\/novoportal\/wp-json\/wp\/v2\/tags?post=87440"}],"curies":[{"name":"wp","href":"https:\/\/api.w.org\/{rel}","templated":true}]}}