
{"id":87434,"date":"2020-06-11T19:02:28","date_gmt":"2020-06-11T22:02:28","guid":{"rendered":"https:\/\/www.sudoestehoje.com.br\/novoportal\/?p=87434"},"modified":"2020-06-11T22:12:53","modified_gmt":"2020-06-12T01:12:53","slug":"morre-em-itapetinga-o-empresario-e-pecuarista-joaquim-ferraz-da-silva","status":"publish","type":"post","link":"https:\/\/www.sudoestehoje.com.br\/novoportal\/2020\/06\/11\/morre-em-itapetinga-o-empresario-e-pecuarista-joaquim-ferraz-da-silva\/","title":{"rendered":"MORRE EM ITAPETINGA O EMPRES\u00c1RIO E PECUARISTA JOAQUIM FERRAZ DA SILVA"},"content":{"rendered":"<p><a href=\"https:\/\/www.sudoestehoje.com.br\/novoportal\/wp-content\/uploads\/2020\/06\/joaquim-ferraz.jpeg\"><img loading=\"lazy\" decoding=\"async\" class=\"aligncenter size-medium wp-image-87435\" src=\"https:\/\/www.sudoestehoje.com.br\/novoportal\/wp-content\/uploads\/2020\/06\/joaquim-ferraz-500x343.jpeg\" alt=\"\" width=\"500\" height=\"343\" srcset=\"https:\/\/www.sudoestehoje.com.br\/novoportal\/wp-content\/uploads\/2020\/06\/joaquim-ferraz-500x343.jpeg 500w, https:\/\/www.sudoestehoje.com.br\/novoportal\/wp-content\/uploads\/2020\/06\/joaquim-ferraz-700x480.jpeg 700w, https:\/\/www.sudoestehoje.com.br\/novoportal\/wp-content\/uploads\/2020\/06\/joaquim-ferraz-768x527.jpeg 768w, https:\/\/www.sudoestehoje.com.br\/novoportal\/wp-content\/uploads\/2020\/06\/joaquim-ferraz.jpeg 862w\" sizes=\"auto, (max-width: 500px) 100vw, 500px\" \/><\/a><\/p>\n<p>Faleceu de causas naturais, no in\u00edcio da tarde desta quinta-feira (11), o pecuarista e empres\u00e1rio <strong>Joaquim Ferraz da Silva<\/strong>, ex-presidente da Coopardo e diretor do Mafrip (atual JBS). Jaquim tinha 88 anos e j\u00e1 vinha com problemas de sa\u00fade h\u00e1 alguns anos, sob cuidados m\u00e9dicos.<\/p>\n<p>Nas d\u00e9cadas de 60 e 70, Joaquim Ferraz foi um dos mais pr\u00f3speros comerciantes locais, atuando como s\u00f3cio-propriet\u00e1rio da famosa loja Silva Lar, localizada no centro comercial de Itapetinga.<\/p>\n<p>A partir da\u00ed, migrou suas atividades para a pecu\u00e1ria, se tornando um dos mais conceituados produtores rurais de Itapetinga e regi\u00e3o, atuando como presidente da Coopardo e Diretor Geral do Mafrip, maior frigor\u00edfico de bovinos do Norte e Nordeste, \u00e0 \u00e9poca. Dirigiu, tamb\u00e9m o Hotel Goitacaz, do qual era s\u00f3cio propriet\u00e1rio.<\/p>\n<p>Casado com Daise Rolim, Joaquim deixa 3 filhos, Leonardo (m\u00e9dico), Kinho (Joaquim Filho, advogado)) e Laura (odont\u00f3loga), que residem e trabalham na capital paulista.<\/p>\n<p>De acordo com familiares, n\u00e3o haver\u00e1 vel\u00f3rio, devido \u00e0s circunst\u00e2ncias em que hoje passa o pa\u00eds. O sepultamento se realizar\u00e1 \u00e0s 15h, no Cemit\u00e9rio Parque da Eternidade, em Itapetinga.<\/p>\n<p>O <strong><em>Sudoeste Hoje<\/em><\/strong> lamenta a perda inestim\u00e1vel do primo e amigo Joaquim, pessoa querida e de grande reputa\u00e7\u00e3o na sociedade itapetinguense.<\/p>\n<p><strong><em>Davi Ferraz &#8211; Editor<\/em><\/strong><\/p>\n","protected":false},"excerpt":{"rendered":"<p>Faleceu de causas naturais, no in\u00edcio da tarde desta quinta-feira (11), o pecuarista e empres\u00e1rio Joaquim Ferraz da Silva, ex-presidente da Coopardo e diretor do Mafrip (atual JBS). Jaquim tinha 88 anos e j\u00e1 vinha com problemas de sa\u00fade h\u00e1 alguns anos, sob cuidados m\u00e9dicos. Nas d\u00e9cadas de 60 e 70, Joaquim Ferraz foi um [&hellip;]<\/p>\n","protected":false},"author":2,"featured_media":87435,"comment_status":"closed","ping_status":"open","sticky":false,"template":"","format":"standard","meta":{"footnotes":"","_links_to":"","_links_to_target":""},"categories":[1],"tags":[],"class_list":["post-87434","post","type-post","status-publish","format-standard","has-post-thumbnail","hentry","category-geral"],"views":3066,"_links":{"self":[{"href":"https:\/\/www.sudoestehoje.com.br\/novoportal\/wp-json\/wp\/v2\/posts\/87434","targetHints":{"allow":["GET"]}}],"collection":[{"href":"https:\/\/www.sudoestehoje.com.br\/novoportal\/wp-json\/wp\/v2\/posts"}],"about":[{"href":"https:\/\/www.sudoestehoje.com.br\/novoportal\/wp-json\/wp\/v2\/types\/post"}],"author":[{"embeddable":true,"href":"https:\/\/www.sudoestehoje.com.br\/novoportal\/wp-json\/wp\/v2\/users\/2"}],"replies":[{"embeddable":true,"href":"https:\/\/www.sudoestehoje.com.br\/novoportal\/wp-json\/wp\/v2\/comments?post=87434"}],"version-history":[{"count":1,"href":"https:\/\/www.sudoestehoje.com.br\/novoportal\/wp-json\/wp\/v2\/posts\/87434\/revisions"}],"predecessor-version":[{"id":87436,"href":"https:\/\/www.sudoestehoje.com.br\/novoportal\/wp-json\/wp\/v2\/posts\/87434\/revisions\/87436"}],"wp:featuredmedia":[{"embeddable":true,"href":"https:\/\/www.sudoestehoje.com.br\/novoportal\/wp-json\/wp\/v2\/media\/87435"}],"wp:attachment":[{"href":"https:\/\/www.sudoestehoje.com.br\/novoportal\/wp-json\/wp\/v2\/media?parent=87434"}],"wp:term":[{"taxonomy":"category","embeddable":true,"href":"https:\/\/www.sudoestehoje.com.br\/novoportal\/wp-json\/wp\/v2\/categories?post=87434"},{"taxonomy":"post_tag","embeddable":true,"href":"https:\/\/www.sudoestehoje.com.br\/novoportal\/wp-json\/wp\/v2\/tags?post=87434"}],"curies":[{"name":"wp","href":"https:\/\/api.w.org\/{rel}","templated":true}]}}