
{"id":87427,"date":"2020-06-10T20:31:15","date_gmt":"2020-06-10T23:31:15","guid":{"rendered":"https:\/\/www.sudoestehoje.com.br\/novoportal\/?p=87427"},"modified":"2020-06-11T22:13:02","modified_gmt":"2020-06-12T01:13:02","slug":"regiao-iguai-tem-primeira-morte-por-covid-19-e-ja-soma-37-casos-positivos","status":"publish","type":"post","link":"https:\/\/www.sudoestehoje.com.br\/novoportal\/2020\/06\/10\/regiao-iguai-tem-primeira-morte-por-covid-19-e-ja-soma-37-casos-positivos\/","title":{"rendered":"REGI\u00c3O: IGUA\u00cd TEM PRIMEIRA MORTE POR COVID-19 E J\u00c1 SOMA 37 CASOS POSITIVOS"},"content":{"rendered":"<p><a href=\"https:\/\/www.sudoestehoje.com.br\/novoportal\/wp-content\/uploads\/2020\/06\/igua\u00ed.jpg\"><img loading=\"lazy\" decoding=\"async\" class=\"aligncenter size-medium wp-image-87428\" src=\"https:\/\/www.sudoestehoje.com.br\/novoportal\/wp-content\/uploads\/2020\/06\/igua\u00ed-500x375.jpg\" alt=\"\" width=\"500\" height=\"375\" srcset=\"https:\/\/www.sudoestehoje.com.br\/novoportal\/wp-content\/uploads\/2020\/06\/igua\u00ed-500x375.jpg 500w, https:\/\/www.sudoestehoje.com.br\/novoportal\/wp-content\/uploads\/2020\/06\/igua\u00ed-700x525.jpg 700w, https:\/\/www.sudoestehoje.com.br\/novoportal\/wp-content\/uploads\/2020\/06\/igua\u00ed-768x576.jpg 768w, https:\/\/www.sudoestehoje.com.br\/novoportal\/wp-content\/uploads\/2020\/06\/igua\u00ed.jpg 800w\" sizes=\"auto, (max-width: 500px) 100vw, 500px\" \/><\/a><\/p>\n<p>Com popula\u00e7\u00e3o estimada em cerca de 27 mil habitantes, o munic\u00edpio de Igua\u00ed, no M\u00e9dio Sudoeste da Bahia, lidera o ranking do mais infestado pela Covid-19 na regi\u00e3o, com<strong> 37 casos confirmados<\/strong> e <strong>uma morte<\/strong> em decorr\u00eancia do novo v\u00edrus.<\/p>\n<p>At\u00e9 o final de maio, Igua\u00ed ainda n\u00e3o tinha nenhum caso confirmado da doen\u00e7a, mas os n\u00fameros dispararam a partir do in\u00edcio de junho, atingindo a cidade e munic\u00edpios pr\u00f3ximos, como Ibicu\u00ed, Itoror\u00f3, Firmino Alves e Nova Cana\u00e3.<\/p>\n<p>Como j\u00e1 era previsto, a curva ascendente da contamina\u00e7\u00e3o deve chegar ao pico no final de junho, com n\u00fameros alarmantes de infectados em todos os munic\u00edpios do estado.<\/p>\n<p><strong><em>Por Davi Ferraz\u00a0<\/em><\/strong><\/p>\n","protected":false},"excerpt":{"rendered":"<p>Com popula\u00e7\u00e3o estimada em cerca de 27 mil habitantes, o munic\u00edpio de Igua\u00ed, no M\u00e9dio Sudoeste da Bahia, lidera o ranking do mais infestado pela Covid-19 na regi\u00e3o, com 37 casos confirmados e uma morte em decorr\u00eancia do novo v\u00edrus. At\u00e9 o final de maio, Igua\u00ed ainda n\u00e3o tinha nenhum caso confirmado da doen\u00e7a, mas [&hellip;]<\/p>\n","protected":false},"author":2,"featured_media":87428,"comment_status":"closed","ping_status":"open","sticky":false,"template":"","format":"standard","meta":{"footnotes":"","_links_to":"","_links_to_target":""},"categories":[1],"tags":[],"class_list":["post-87427","post","type-post","status-publish","format-standard","has-post-thumbnail","hentry","category-geral"],"views":1548,"_links":{"self":[{"href":"https:\/\/www.sudoestehoje.com.br\/novoportal\/wp-json\/wp\/v2\/posts\/87427","targetHints":{"allow":["GET"]}}],"collection":[{"href":"https:\/\/www.sudoestehoje.com.br\/novoportal\/wp-json\/wp\/v2\/posts"}],"about":[{"href":"https:\/\/www.sudoestehoje.com.br\/novoportal\/wp-json\/wp\/v2\/types\/post"}],"author":[{"embeddable":true,"href":"https:\/\/www.sudoestehoje.com.br\/novoportal\/wp-json\/wp\/v2\/users\/2"}],"replies":[{"embeddable":true,"href":"https:\/\/www.sudoestehoje.com.br\/novoportal\/wp-json\/wp\/v2\/comments?post=87427"}],"version-history":[{"count":2,"href":"https:\/\/www.sudoestehoje.com.br\/novoportal\/wp-json\/wp\/v2\/posts\/87427\/revisions"}],"predecessor-version":[{"id":87430,"href":"https:\/\/www.sudoestehoje.com.br\/novoportal\/wp-json\/wp\/v2\/posts\/87427\/revisions\/87430"}],"wp:featuredmedia":[{"embeddable":true,"href":"https:\/\/www.sudoestehoje.com.br\/novoportal\/wp-json\/wp\/v2\/media\/87428"}],"wp:attachment":[{"href":"https:\/\/www.sudoestehoje.com.br\/novoportal\/wp-json\/wp\/v2\/media?parent=87427"}],"wp:term":[{"taxonomy":"category","embeddable":true,"href":"https:\/\/www.sudoestehoje.com.br\/novoportal\/wp-json\/wp\/v2\/categories?post=87427"},{"taxonomy":"post_tag","embeddable":true,"href":"https:\/\/www.sudoestehoje.com.br\/novoportal\/wp-json\/wp\/v2\/tags?post=87427"}],"curies":[{"name":"wp","href":"https:\/\/api.w.org\/{rel}","templated":true}]}}