
{"id":87411,"date":"2020-06-10T17:39:52","date_gmt":"2020-06-10T20:39:52","guid":{"rendered":"https:\/\/www.sudoestehoje.com.br\/novoportal\/?p=87411"},"modified":"2020-06-10T21:39:52","modified_gmt":"2020-06-11T00:39:52","slug":"itororo-sobe-para-12-o-numero-de-casos-da-covid-19-rio-do-meio-tem-8-novos-casos","status":"publish","type":"post","link":"https:\/\/www.sudoestehoje.com.br\/novoportal\/2020\/06\/10\/itororo-sobe-para-12-o-numero-de-casos-da-covid-19-rio-do-meio-tem-8-novos-casos\/","title":{"rendered":"ITOROR\u00d3: SOBE PARA 14 O N\u00daMERO DE CASOS DA COVID-19; RIO DO MEIO TEM 10 NOVOS CASOS"},"content":{"rendered":"<p><a href=\"https:\/\/www.sudoestehoje.com.br\/novoportal\/wp-content\/uploads\/2020\/06\/testagem-rio-do-meio.jpeg\"><img loading=\"lazy\" decoding=\"async\" class=\"aligncenter size-medium wp-image-87414\" src=\"https:\/\/www.sudoestehoje.com.br\/novoportal\/wp-content\/uploads\/2020\/06\/testagem-rio-do-meio-500x375.jpeg\" alt=\"\" width=\"500\" height=\"375\" srcset=\"https:\/\/www.sudoestehoje.com.br\/novoportal\/wp-content\/uploads\/2020\/06\/testagem-rio-do-meio-500x375.jpeg 500w, https:\/\/www.sudoestehoje.com.br\/novoportal\/wp-content\/uploads\/2020\/06\/testagem-rio-do-meio-700x525.jpeg 700w, https:\/\/www.sudoestehoje.com.br\/novoportal\/wp-content\/uploads\/2020\/06\/testagem-rio-do-meio-768x576.jpeg 768w, https:\/\/www.sudoestehoje.com.br\/novoportal\/wp-content\/uploads\/2020\/06\/testagem-rio-do-meio.jpeg 1280w\" sizes=\"auto, (max-width: 500px) 100vw, 500px\" \/><\/a><\/p>\n<p>Ap\u00f3s uma tr\u00e9gua de mais de quase 2 meses, Itoror\u00f3 voltou a registrar 10 novos casos da Covid-19, chegando ao total de 14 pacientes infectados, sendo 4 j\u00e1 curados na sede do munic\u00edpio.<\/p>\n<p>Na tarde de ontem, um paciente do distrito do Rio do Meio testou positivo pelo Lacem, o que levou a Secretaria de Sa\u00fade do Munic\u00edpio a realizar testes r\u00e1pidos em massa nesta quarta-feira (10), para avaliar a situa\u00e7\u00e3o no distrito, sendo confirmados mais 7 casos do novo v\u00edrus.<\/p>\n<p>Com esse aumento inesperado, o prefeito Adauto Almeida decretou medidas urgentes no distrito do Rio do Meio, dentre elas o fechamento de todo o com\u00e9rcio local e outras de isolamento e distanciamento social.<\/p>\n<p>Neste m\u00eas de junho, a incid\u00eancia do novo v\u00edrus no M\u00e9dio Sudoeste teve aumento significativo, principalmente em Potiragu\u00e1, Maiquinique, Ibicu\u00ed, Itapetinga, Igua\u00ed e agora em Itoror\u00f3.<\/p>\n<p>OS RESULTADOS DE RIO DO MEIO S\u00c3O PARCIAIS E PODEM SOFRER ALTERA\u00c7\u00d5ES AT\u00c9 O FECHAMENTO DO BOLETIM DA SECRETARIA MUNICIPAL DE SA\u00daDE, QUE CONTINUA REALIZANDO OS TESTES R\u00c1PIDOS NO DISTRITO.<\/p>\n<p><strong><em>Por Davi Ferraz\u00a0<\/em><\/strong><\/p>\n","protected":false},"excerpt":{"rendered":"<p>Ap\u00f3s uma tr\u00e9gua de mais de quase 2 meses, Itoror\u00f3 voltou a registrar 10 novos casos da Covid-19, chegando ao total de 14 pacientes infectados, sendo 4 j\u00e1 curados na sede do munic\u00edpio. Na tarde de ontem, um paciente do distrito do Rio do Meio testou positivo pelo Lacem, o que levou a Secretaria de [&hellip;]<\/p>\n","protected":false},"author":2,"featured_media":87414,"comment_status":"open","ping_status":"open","sticky":false,"template":"","format":"standard","meta":{"footnotes":"","_links_to":"","_links_to_target":""},"categories":[1],"tags":[],"class_list":["post-87411","post","type-post","status-publish","format-standard","has-post-thumbnail","hentry","category-geral"],"views":8528,"_links":{"self":[{"href":"https:\/\/www.sudoestehoje.com.br\/novoportal\/wp-json\/wp\/v2\/posts\/87411","targetHints":{"allow":["GET"]}}],"collection":[{"href":"https:\/\/www.sudoestehoje.com.br\/novoportal\/wp-json\/wp\/v2\/posts"}],"about":[{"href":"https:\/\/www.sudoestehoje.com.br\/novoportal\/wp-json\/wp\/v2\/types\/post"}],"author":[{"embeddable":true,"href":"https:\/\/www.sudoestehoje.com.br\/novoportal\/wp-json\/wp\/v2\/users\/2"}],"replies":[{"embeddable":true,"href":"https:\/\/www.sudoestehoje.com.br\/novoportal\/wp-json\/wp\/v2\/comments?post=87411"}],"version-history":[{"count":9,"href":"https:\/\/www.sudoestehoje.com.br\/novoportal\/wp-json\/wp\/v2\/posts\/87411\/revisions"}],"predecessor-version":[{"id":87433,"href":"https:\/\/www.sudoestehoje.com.br\/novoportal\/wp-json\/wp\/v2\/posts\/87411\/revisions\/87433"}],"wp:featuredmedia":[{"embeddable":true,"href":"https:\/\/www.sudoestehoje.com.br\/novoportal\/wp-json\/wp\/v2\/media\/87414"}],"wp:attachment":[{"href":"https:\/\/www.sudoestehoje.com.br\/novoportal\/wp-json\/wp\/v2\/media?parent=87411"}],"wp:term":[{"taxonomy":"category","embeddable":true,"href":"https:\/\/www.sudoestehoje.com.br\/novoportal\/wp-json\/wp\/v2\/categories?post=87411"},{"taxonomy":"post_tag","embeddable":true,"href":"https:\/\/www.sudoestehoje.com.br\/novoportal\/wp-json\/wp\/v2\/tags?post=87411"}],"curies":[{"name":"wp","href":"https:\/\/api.w.org\/{rel}","templated":true}]}}