
{"id":87400,"date":"2020-06-10T15:32:31","date_gmt":"2020-06-10T18:32:31","guid":{"rendered":"https:\/\/www.sudoestehoje.com.br\/novoportal\/?p=87400"},"modified":"2020-06-10T20:56:04","modified_gmt":"2020-06-10T23:56:04","slug":"itapetinga-camara-de-vereadores-antecipa-parcela-do-13o-dos-seus-servidores","status":"publish","type":"post","link":"https:\/\/www.sudoestehoje.com.br\/novoportal\/2020\/06\/10\/itapetinga-camara-de-vereadores-antecipa-parcela-do-13o-dos-seus-servidores\/","title":{"rendered":"ITAPETINGA: C\u00c2MARA DE VEREADORES ANTECIPA PARCELA DO 13\u00ba DOS SEUS SERVIDORES"},"content":{"rendered":"<p><a href=\"https:\/\/www.sudoestehoje.com.br\/novoportal\/wp-content\/uploads\/2020\/06\/CAMARA-1.jpg\"><img loading=\"lazy\" decoding=\"async\" class=\"aligncenter  wp-image-87401\" src=\"https:\/\/www.sudoestehoje.com.br\/novoportal\/wp-content\/uploads\/2020\/06\/CAMARA-1.jpg\" alt=\"\" width=\"501\" height=\"295\" \/><\/a><\/p>\n<p>A C\u00e2mara Municipal de Itapetinga pagou na segunda e ter\u00e7a-feira (8 e 9 de junho), antecipadamente, a primeira parcela do d\u00e9cimo terceiro sal\u00e1rio dos seus servidores efetivos e comissionados. A medida faz parte da pol\u00edtica de valoriza\u00e7\u00e3o do servidor p\u00fablico do Poder Legislativo Municipal.<\/p>\n<p>Conforme a legisla\u00e7\u00e3o vigente, a primeira parcela do 13\u00ba sal\u00e1rio deve ser paga at\u00e9 30 de novembro. J\u00e1 o prazo para o pagamento da segunda parcela \u00e9 at\u00e9 20 de dezembro.<\/p>\n<p>Para a presidenta Naara Duarte, a antecipa\u00e7\u00e3o da primeira parcela do d\u00e9cimo terceiro representa um al\u00edvio no or\u00e7amento dom\u00e9stico dos servidores e deve colaborar para minimizar eventuais dificuldades enfrentadas nesse per\u00edodo de pandemia da Covid-19.<\/p>\n","protected":false},"excerpt":{"rendered":"<p>A C\u00e2mara Municipal de Itapetinga pagou na segunda e ter\u00e7a-feira (8 e 9 de junho), antecipadamente, a primeira parcela do d\u00e9cimo terceiro sal\u00e1rio dos seus servidores efetivos e comissionados. A medida faz parte da pol\u00edtica de valoriza\u00e7\u00e3o do servidor p\u00fablico do Poder Legislativo Municipal. Conforme a legisla\u00e7\u00e3o vigente, a primeira parcela do 13\u00ba sal\u00e1rio deve [&hellip;]<\/p>\n","protected":false},"author":2,"featured_media":87401,"comment_status":"closed","ping_status":"open","sticky":false,"template":"","format":"standard","meta":{"footnotes":"","_links_to":"","_links_to_target":""},"categories":[1],"tags":[],"class_list":["post-87400","post","type-post","status-publish","format-standard","has-post-thumbnail","hentry","category-geral"],"views":956,"_links":{"self":[{"href":"https:\/\/www.sudoestehoje.com.br\/novoportal\/wp-json\/wp\/v2\/posts\/87400","targetHints":{"allow":["GET"]}}],"collection":[{"href":"https:\/\/www.sudoestehoje.com.br\/novoportal\/wp-json\/wp\/v2\/posts"}],"about":[{"href":"https:\/\/www.sudoestehoje.com.br\/novoportal\/wp-json\/wp\/v2\/types\/post"}],"author":[{"embeddable":true,"href":"https:\/\/www.sudoestehoje.com.br\/novoportal\/wp-json\/wp\/v2\/users\/2"}],"replies":[{"embeddable":true,"href":"https:\/\/www.sudoestehoje.com.br\/novoportal\/wp-json\/wp\/v2\/comments?post=87400"}],"version-history":[{"count":1,"href":"https:\/\/www.sudoestehoje.com.br\/novoportal\/wp-json\/wp\/v2\/posts\/87400\/revisions"}],"predecessor-version":[{"id":87402,"href":"https:\/\/www.sudoestehoje.com.br\/novoportal\/wp-json\/wp\/v2\/posts\/87400\/revisions\/87402"}],"wp:featuredmedia":[{"embeddable":true,"href":"https:\/\/www.sudoestehoje.com.br\/novoportal\/wp-json\/wp\/v2\/media\/87401"}],"wp:attachment":[{"href":"https:\/\/www.sudoestehoje.com.br\/novoportal\/wp-json\/wp\/v2\/media?parent=87400"}],"wp:term":[{"taxonomy":"category","embeddable":true,"href":"https:\/\/www.sudoestehoje.com.br\/novoportal\/wp-json\/wp\/v2\/categories?post=87400"},{"taxonomy":"post_tag","embeddable":true,"href":"https:\/\/www.sudoestehoje.com.br\/novoportal\/wp-json\/wp\/v2\/tags?post=87400"}],"curies":[{"name":"wp","href":"https:\/\/api.w.org\/{rel}","templated":true}]}}