
{"id":87360,"date":"2020-06-09T19:33:40","date_gmt":"2020-06-09T22:33:40","guid":{"rendered":"https:\/\/www.sudoestehoje.com.br\/novoportal\/?p=87360"},"modified":"2020-06-09T22:08:06","modified_gmt":"2020-06-10T01:08:06","slug":"bahia-passa-de-30-mil-casos-da-covid-19-antes-do-prazo-previsto-pela-sesab-com-937-obitos","status":"publish","type":"post","link":"https:\/\/www.sudoestehoje.com.br\/novoportal\/2020\/06\/09\/bahia-passa-de-30-mil-casos-da-covid-19-antes-do-prazo-previsto-pela-sesab-com-937-obitos\/","title":{"rendered":"BAHIA PASSA DE 30 MIL CASOS DA COVID-19 ANTES DO PRAZO PREVISTO PELA SESAB, COM 937 \u00d3BITOS"},"content":{"rendered":"<p><a href=\"https:\/\/www.sudoestehoje.com.br\/novoportal\/wp-content\/uploads\/2020\/06\/30-mil-casos-bahia.jpeg\"><img loading=\"lazy\" decoding=\"async\" class=\"aligncenter size-medium wp-image-87361\" src=\"https:\/\/www.sudoestehoje.com.br\/novoportal\/wp-content\/uploads\/2020\/06\/30-mil-casos-bahia-500x326.jpeg\" alt=\"\" width=\"500\" height=\"326\" srcset=\"https:\/\/www.sudoestehoje.com.br\/novoportal\/wp-content\/uploads\/2020\/06\/30-mil-casos-bahia-500x326.jpeg 500w, https:\/\/www.sudoestehoje.com.br\/novoportal\/wp-content\/uploads\/2020\/06\/30-mil-casos-bahia.jpeg 690w\" sizes=\"auto, (max-width: 500px) 100vw, 500px\" \/><\/a><\/p>\n<div>\n<p>A Bahia registra 30.481 casos confirmados de coronav\u00edrus (Covid-19), o que representa 19,03% do total de notifica\u00e7\u00f5es no estado. O boletim epidemiol\u00f3gico ainda contabiliza 13.484 pessoas recuperadas, 937 \u00f3bitos e 16.060 indiv\u00edduos monitorados pela vigil\u00e2ncia epidemiol\u00f3gica e com sintomas da Covid-19, o que s\u00e3o chamados de casos ativos.<\/p>\n<p>Os casos confirmados ocorreram em 342 munic\u00edpios do estado, com maior propor\u00e7\u00e3o em Salvador (57,73%). Os munic\u00edpios com os maiores coeficientes de incid\u00eancia por 1.000.000 habitantes foram Ipia\u00fa (7.738,76), Itaju\u00edpe (7.564,30), Uru\u00e7uca (7.066,62), Salvador (5.979,78) e Urandi (5.883,06).<\/p>\n<p>O boletim epidemiol\u00f3gico contabiliza ainda 47.160 casos descartados e 82.518 em investiga\u00e7\u00e3o. Estes dados representam notifica\u00e7\u00f5es oficiais compiladas pelo Centro de Informa\u00e7\u00f5es Estrat\u00e9gicas em Vigil\u00e2ncia em Sa\u00fade da Bahia (Cievs-BA), em conjunto com os Cievs municipais e as bases de dados do Minist\u00e9rio da Sa\u00fade at\u00e9 as 16 horas desta ter\u00e7a-feira (9).<\/p>\n<p>Na Bahia, 4.468 profissionais da sa\u00fade foram confirmados para Covid-19. Para acessar o boletim completo,\u00a0<a href=\"http:\/\/www.saude.ba.gov.br\/wp-content\/uploads\/2020\/06\/BOLETIM_ELETRONICO_BAHIAN_77___09062020.pdf\">clique aqui<\/a>.<\/p>\n<\/div>\n","protected":false},"excerpt":{"rendered":"<p>A Bahia registra 30.481 casos confirmados de coronav\u00edrus (Covid-19), o que representa 19,03% do total de notifica\u00e7\u00f5es no estado. O boletim epidemiol\u00f3gico ainda contabiliza 13.484 pessoas recuperadas, 937 \u00f3bitos e 16.060 indiv\u00edduos monitorados pela vigil\u00e2ncia epidemiol\u00f3gica e com sintomas da Covid-19, o que s\u00e3o chamados de casos ativos. Os casos confirmados ocorreram em 342 munic\u00edpios [&hellip;]<\/p>\n","protected":false},"author":2,"featured_media":87361,"comment_status":"closed","ping_status":"open","sticky":false,"template":"","format":"standard","meta":{"footnotes":"","_links_to":"","_links_to_target":""},"categories":[1],"tags":[],"class_list":["post-87360","post","type-post","status-publish","format-standard","has-post-thumbnail","hentry","category-geral"],"views":1110,"_links":{"self":[{"href":"https:\/\/www.sudoestehoje.com.br\/novoportal\/wp-json\/wp\/v2\/posts\/87360","targetHints":{"allow":["GET"]}}],"collection":[{"href":"https:\/\/www.sudoestehoje.com.br\/novoportal\/wp-json\/wp\/v2\/posts"}],"about":[{"href":"https:\/\/www.sudoestehoje.com.br\/novoportal\/wp-json\/wp\/v2\/types\/post"}],"author":[{"embeddable":true,"href":"https:\/\/www.sudoestehoje.com.br\/novoportal\/wp-json\/wp\/v2\/users\/2"}],"replies":[{"embeddable":true,"href":"https:\/\/www.sudoestehoje.com.br\/novoportal\/wp-json\/wp\/v2\/comments?post=87360"}],"version-history":[{"count":5,"href":"https:\/\/www.sudoestehoje.com.br\/novoportal\/wp-json\/wp\/v2\/posts\/87360\/revisions"}],"predecessor-version":[{"id":87366,"href":"https:\/\/www.sudoestehoje.com.br\/novoportal\/wp-json\/wp\/v2\/posts\/87360\/revisions\/87366"}],"wp:featuredmedia":[{"embeddable":true,"href":"https:\/\/www.sudoestehoje.com.br\/novoportal\/wp-json\/wp\/v2\/media\/87361"}],"wp:attachment":[{"href":"https:\/\/www.sudoestehoje.com.br\/novoportal\/wp-json\/wp\/v2\/media?parent=87360"}],"wp:term":[{"taxonomy":"category","embeddable":true,"href":"https:\/\/www.sudoestehoje.com.br\/novoportal\/wp-json\/wp\/v2\/categories?post=87360"},{"taxonomy":"post_tag","embeddable":true,"href":"https:\/\/www.sudoestehoje.com.br\/novoportal\/wp-json\/wp\/v2\/tags?post=87360"}],"curies":[{"name":"wp","href":"https:\/\/api.w.org\/{rel}","templated":true}]}}