
{"id":87338,"date":"2020-06-08T20:10:06","date_gmt":"2020-06-08T23:10:06","guid":{"rendered":"https:\/\/www.sudoestehoje.com.br\/novoportal\/?p=87338"},"modified":"2020-06-09T22:04:13","modified_gmt":"2020-06-10T01:04:13","slug":"itapetinga-exames-particulares-confirmam-mais-4-casos-da-covid-19-agora-sao-31","status":"publish","type":"post","link":"https:\/\/www.sudoestehoje.com.br\/novoportal\/2020\/06\/08\/itapetinga-exames-particulares-confirmam-mais-4-casos-da-covid-19-agora-sao-31\/","title":{"rendered":"ITAPETINGA: EXAMES PARTICULARES CONFIRMAM MAIS 4 CASOS DA COVID-19; AGORA S\u00c3O 31"},"content":{"rendered":"<p><a href=\"https:\/\/www.sudoestehoje.com.br\/novoportal\/wp-content\/uploads\/2020\/06\/BOLETIM-31.jpeg\"><img loading=\"lazy\" decoding=\"async\" class=\"aligncenter size-medium wp-image-87342\" src=\"https:\/\/www.sudoestehoje.com.br\/novoportal\/wp-content\/uploads\/2020\/06\/BOLETIM-31-500x529.jpeg\" alt=\"\" width=\"500\" height=\"529\" srcset=\"https:\/\/www.sudoestehoje.com.br\/novoportal\/wp-content\/uploads\/2020\/06\/BOLETIM-31-500x529.jpeg 500w, https:\/\/www.sudoestehoje.com.br\/novoportal\/wp-content\/uploads\/2020\/06\/BOLETIM-31.jpeg 542w\" sizes=\"auto, (max-width: 500px) 100vw, 500px\" \/><\/a><\/p>\n<p><strong><em>Ascom PMI<\/em><\/strong><\/p>\n<p>Tr\u00eas mulheres e um homem aumentam o n\u00famero de casos confirmados para Covid-19, em Itapetinga. Com idades de 26, 34 e 56 anos, as mulheres apresentaram sintomas de s\u00edndromes gripais, diarreia, fraqueza muscular, al\u00e9m de perda de olfato.<\/p>\n<p>O jovem, de 21 anos, teve contato direto com paciente tamb\u00e9m positivado para o coronav\u00edrus e, no dia 01, come\u00e7ou a apresentar, febre, dor no corpo, perda do apetite.<\/p>\n<p>Ambos fizeram exames laboratoriais particulares e tiveram seus resultados positivados nesta segunda-feira. Eles permanecem em isolamento domiciliar.<\/p>\n<p>Itapetinga soma, agora, 31 casos confirmados de Covid-19 \u2013 13 curados e 3 \u00f3bitos.<\/p>\n","protected":false},"excerpt":{"rendered":"<p>Ascom PMI Tr\u00eas mulheres e um homem aumentam o n\u00famero de casos confirmados para Covid-19, em Itapetinga. Com idades de 26, 34 e 56 anos, as mulheres apresentaram sintomas de s\u00edndromes gripais, diarreia, fraqueza muscular, al\u00e9m de perda de olfato. O jovem, de 21 anos, teve contato direto com paciente tamb\u00e9m positivado para o coronav\u00edrus [&hellip;]<\/p>\n","protected":false},"author":2,"featured_media":87342,"comment_status":"closed","ping_status":"open","sticky":false,"template":"","format":"standard","meta":{"footnotes":"","_links_to":"","_links_to_target":""},"categories":[1],"tags":[],"class_list":["post-87338","post","type-post","status-publish","format-standard","has-post-thumbnail","hentry","category-geral"],"views":1379,"_links":{"self":[{"href":"https:\/\/www.sudoestehoje.com.br\/novoportal\/wp-json\/wp\/v2\/posts\/87338","targetHints":{"allow":["GET"]}}],"collection":[{"href":"https:\/\/www.sudoestehoje.com.br\/novoportal\/wp-json\/wp\/v2\/posts"}],"about":[{"href":"https:\/\/www.sudoestehoje.com.br\/novoportal\/wp-json\/wp\/v2\/types\/post"}],"author":[{"embeddable":true,"href":"https:\/\/www.sudoestehoje.com.br\/novoportal\/wp-json\/wp\/v2\/users\/2"}],"replies":[{"embeddable":true,"href":"https:\/\/www.sudoestehoje.com.br\/novoportal\/wp-json\/wp\/v2\/comments?post=87338"}],"version-history":[{"count":4,"href":"https:\/\/www.sudoestehoje.com.br\/novoportal\/wp-json\/wp\/v2\/posts\/87338\/revisions"}],"predecessor-version":[{"id":87344,"href":"https:\/\/www.sudoestehoje.com.br\/novoportal\/wp-json\/wp\/v2\/posts\/87338\/revisions\/87344"}],"wp:featuredmedia":[{"embeddable":true,"href":"https:\/\/www.sudoestehoje.com.br\/novoportal\/wp-json\/wp\/v2\/media\/87342"}],"wp:attachment":[{"href":"https:\/\/www.sudoestehoje.com.br\/novoportal\/wp-json\/wp\/v2\/media?parent=87338"}],"wp:term":[{"taxonomy":"category","embeddable":true,"href":"https:\/\/www.sudoestehoje.com.br\/novoportal\/wp-json\/wp\/v2\/categories?post=87338"},{"taxonomy":"post_tag","embeddable":true,"href":"https:\/\/www.sudoestehoje.com.br\/novoportal\/wp-json\/wp\/v2\/tags?post=87338"}],"curies":[{"name":"wp","href":"https:\/\/api.w.org\/{rel}","templated":true}]}}