
{"id":87332,"date":"2020-06-08T00:28:53","date_gmt":"2020-06-08T03:28:53","guid":{"rendered":"https:\/\/www.sudoestehoje.com.br\/novoportal\/?p=87332"},"modified":"2020-06-09T22:04:30","modified_gmt":"2020-06-10T01:04:30","slug":"potiragua-ja-registra-22-casos-da-covid-19","status":"publish","type":"post","link":"https:\/\/www.sudoestehoje.com.br\/novoportal\/2020\/06\/08\/potiragua-ja-registra-22-casos-da-covid-19\/","title":{"rendered":"POTIRAGU\u00c1 J\u00c1 REGISTRA 22 CASOS DA COVID-19"},"content":{"rendered":"<p><a href=\"https:\/\/www.sudoestehoje.com.br\/novoportal\/wp-content\/uploads\/2020\/06\/boletim-22-pot.jpeg\"><img loading=\"lazy\" decoding=\"async\" class=\"aligncenter size-medium wp-image-87336\" src=\"https:\/\/www.sudoestehoje.com.br\/novoportal\/wp-content\/uploads\/2020\/06\/boletim-22-pot-500x700.jpeg\" alt=\"\" width=\"500\" height=\"700\" srcset=\"https:\/\/www.sudoestehoje.com.br\/novoportal\/wp-content\/uploads\/2020\/06\/boletim-22-pot-500x700.jpeg 500w, https:\/\/www.sudoestehoje.com.br\/novoportal\/wp-content\/uploads\/2020\/06\/boletim-22-pot.jpeg 626w\" sizes=\"auto, (max-width: 500px) 100vw, 500px\" \/><\/a><\/p>\n<p>A Prefeitura de Potiragu\u00e1, atrav\u00e9s da Secretaria de Sa\u00fade e Coordena\u00e7\u00e3o Epidemiol\u00f3gica do munic\u00edpio, divulgou neste domingo (7) um novo boletim informativo dos casos da Covid-19 no munic\u00edpio, que j\u00e1 contabiliza <strong>22 casos<\/strong> confirmados do novo v\u00edrus.<\/p>\n<p>Os dados foram baseados no boletim da Sesab, divulgado ontem (6), onde as informa\u00e7\u00f5es est\u00e3o desatualizadas h\u00e1 cerca de uma semana.<\/p>\n<p>Novos casos eventualmente registrados pela Secretaria de Sa\u00fade do Munic\u00edpio nos \u00faltimos dias, n\u00e3o constam do novo boletim do munic\u00edpio.<\/p>\n<p><strong><em>Por Davi Ferraz<\/em><\/strong><\/p>\n","protected":false},"excerpt":{"rendered":"<p>A Prefeitura de Potiragu\u00e1, atrav\u00e9s da Secretaria de Sa\u00fade e Coordena\u00e7\u00e3o Epidemiol\u00f3gica do munic\u00edpio, divulgou neste domingo (7) um novo boletim informativo dos casos da Covid-19 no munic\u00edpio, que j\u00e1 contabiliza 22 casos confirmados do novo v\u00edrus. Os dados foram baseados no boletim da Sesab, divulgado ontem (6), onde as informa\u00e7\u00f5es est\u00e3o desatualizadas h\u00e1 cerca [&hellip;]<\/p>\n","protected":false},"author":2,"featured_media":87336,"comment_status":"closed","ping_status":"open","sticky":false,"template":"","format":"standard","meta":{"footnotes":"","_links_to":"","_links_to_target":""},"categories":[1],"tags":[],"class_list":["post-87332","post","type-post","status-publish","format-standard","has-post-thumbnail","hentry","category-geral"],"views":1397,"_links":{"self":[{"href":"https:\/\/www.sudoestehoje.com.br\/novoportal\/wp-json\/wp\/v2\/posts\/87332","targetHints":{"allow":["GET"]}}],"collection":[{"href":"https:\/\/www.sudoestehoje.com.br\/novoportal\/wp-json\/wp\/v2\/posts"}],"about":[{"href":"https:\/\/www.sudoestehoje.com.br\/novoportal\/wp-json\/wp\/v2\/types\/post"}],"author":[{"embeddable":true,"href":"https:\/\/www.sudoestehoje.com.br\/novoportal\/wp-json\/wp\/v2\/users\/2"}],"replies":[{"embeddable":true,"href":"https:\/\/www.sudoestehoje.com.br\/novoportal\/wp-json\/wp\/v2\/comments?post=87332"}],"version-history":[{"count":4,"href":"https:\/\/www.sudoestehoje.com.br\/novoportal\/wp-json\/wp\/v2\/posts\/87332\/revisions"}],"predecessor-version":[{"id":87337,"href":"https:\/\/www.sudoestehoje.com.br\/novoportal\/wp-json\/wp\/v2\/posts\/87332\/revisions\/87337"}],"wp:featuredmedia":[{"embeddable":true,"href":"https:\/\/www.sudoestehoje.com.br\/novoportal\/wp-json\/wp\/v2\/media\/87336"}],"wp:attachment":[{"href":"https:\/\/www.sudoestehoje.com.br\/novoportal\/wp-json\/wp\/v2\/media?parent=87332"}],"wp:term":[{"taxonomy":"category","embeddable":true,"href":"https:\/\/www.sudoestehoje.com.br\/novoportal\/wp-json\/wp\/v2\/categories?post=87332"},{"taxonomy":"post_tag","embeddable":true,"href":"https:\/\/www.sudoestehoje.com.br\/novoportal\/wp-json\/wp\/v2\/tags?post=87332"}],"curies":[{"name":"wp","href":"https:\/\/api.w.org\/{rel}","templated":true}]}}