
{"id":87328,"date":"2020-06-07T23:27:42","date_gmt":"2020-06-08T02:27:42","guid":{"rendered":"https:\/\/www.sudoestehoje.com.br\/novoportal\/?p=87328"},"modified":"2020-06-09T22:04:46","modified_gmt":"2020-06-10T01:04:46","slug":"centro-de-reabilitacao-de-jequie-realiza-atendimentos-aos-pacientes-com-deficiencias","status":"publish","type":"post","link":"https:\/\/www.sudoestehoje.com.br\/novoportal\/2020\/06\/07\/centro-de-reabilitacao-de-jequie-realiza-atendimentos-aos-pacientes-com-deficiencias\/","title":{"rendered":"CENTRO DE REABILITA\u00c7\u00c3O DE JEQUI\u00c9 REALIZA ATENDIMENTOS AOS PACIENTES COM DEFICI\u00caNCIAS"},"content":{"rendered":"<p><a href=\"https:\/\/www.sudoestehoje.com.br\/novoportal\/wp-content\/uploads\/2020\/06\/FJS-JEQUI\u00c9.jpeg\"><img loading=\"lazy\" decoding=\"async\" class=\"aligncenter size-medium wp-image-87329\" src=\"https:\/\/www.sudoestehoje.com.br\/novoportal\/wp-content\/uploads\/2020\/06\/FJS-JEQUI\u00c9-500x281.jpeg\" alt=\"\" width=\"500\" height=\"281\" srcset=\"https:\/\/www.sudoestehoje.com.br\/novoportal\/wp-content\/uploads\/2020\/06\/FJS-JEQUI\u00c9-500x281.jpeg 500w, https:\/\/www.sudoestehoje.com.br\/novoportal\/wp-content\/uploads\/2020\/06\/FJS-JEQUI\u00c9-700x394.jpeg 700w, https:\/\/www.sudoestehoje.com.br\/novoportal\/wp-content\/uploads\/2020\/06\/FJS-JEQUI\u00c9-768x432.jpeg 768w, https:\/\/www.sudoestehoje.com.br\/novoportal\/wp-content\/uploads\/2020\/06\/FJS-JEQUI\u00c9.jpeg 1280w\" sizes=\"auto, (max-width: 500px) 100vw, 500px\" \/><\/a><\/p>\n<p>Pacientes com defici\u00eancias neurol\u00f3gicas e ortop\u00e9dicas atendidos no Centro de Reabilita\u00e7\u00e3o da Santa Casa de Jequi\u00e9 contam com um novo servi\u00e7o gratuito durante a pandemia: o teleatendimento de fisioterapia remoto, por meio de chamada de v\u00eddeo.<\/p>\n<p>De acordo com a coordenadora t\u00e9cnica do Centro de Reabilita\u00e7\u00e3o, a fisioterapeuta Luciana Moreira, o objetivo \u00e9 possibilitar aos pacientes que fa\u00e7am a terapia em casa para manter ou adquirir ganhos funcionais, durante o per\u00edodo de isolamento social.<\/p>\n<p>\u00c9 feita uma teleconsulta pr\u00e9via por telefone para avaliar as condi\u00e7\u00f5es f\u00edsicas do paciente e agendar a sess\u00e3o de fisioterapia, realizada pelo fisioterapeuta e com o acompanhamento do familiar ou respons\u00e1vel.<em> \/\/Ascom FJS<\/em><\/p>\n","protected":false},"excerpt":{"rendered":"<p>Pacientes com defici\u00eancias neurol\u00f3gicas e ortop\u00e9dicas atendidos no Centro de Reabilita\u00e7\u00e3o da Santa Casa de Jequi\u00e9 contam com um novo servi\u00e7o gratuito durante a pandemia: o teleatendimento de fisioterapia remoto, por meio de chamada de v\u00eddeo. De acordo com a coordenadora t\u00e9cnica do Centro de Reabilita\u00e7\u00e3o, a fisioterapeuta Luciana Moreira, o objetivo \u00e9 possibilitar aos [&hellip;]<\/p>\n","protected":false},"author":2,"featured_media":87329,"comment_status":"closed","ping_status":"open","sticky":false,"template":"","format":"standard","meta":{"footnotes":"","_links_to":"","_links_to_target":""},"categories":[1],"tags":[],"class_list":["post-87328","post","type-post","status-publish","format-standard","has-post-thumbnail","hentry","category-geral"],"views":874,"_links":{"self":[{"href":"https:\/\/www.sudoestehoje.com.br\/novoportal\/wp-json\/wp\/v2\/posts\/87328","targetHints":{"allow":["GET"]}}],"collection":[{"href":"https:\/\/www.sudoestehoje.com.br\/novoportal\/wp-json\/wp\/v2\/posts"}],"about":[{"href":"https:\/\/www.sudoestehoje.com.br\/novoportal\/wp-json\/wp\/v2\/types\/post"}],"author":[{"embeddable":true,"href":"https:\/\/www.sudoestehoje.com.br\/novoportal\/wp-json\/wp\/v2\/users\/2"}],"replies":[{"embeddable":true,"href":"https:\/\/www.sudoestehoje.com.br\/novoportal\/wp-json\/wp\/v2\/comments?post=87328"}],"version-history":[{"count":2,"href":"https:\/\/www.sudoestehoje.com.br\/novoportal\/wp-json\/wp\/v2\/posts\/87328\/revisions"}],"predecessor-version":[{"id":87331,"href":"https:\/\/www.sudoestehoje.com.br\/novoportal\/wp-json\/wp\/v2\/posts\/87328\/revisions\/87331"}],"wp:featuredmedia":[{"embeddable":true,"href":"https:\/\/www.sudoestehoje.com.br\/novoportal\/wp-json\/wp\/v2\/media\/87329"}],"wp:attachment":[{"href":"https:\/\/www.sudoestehoje.com.br\/novoportal\/wp-json\/wp\/v2\/media?parent=87328"}],"wp:term":[{"taxonomy":"category","embeddable":true,"href":"https:\/\/www.sudoestehoje.com.br\/novoportal\/wp-json\/wp\/v2\/categories?post=87328"},{"taxonomy":"post_tag","embeddable":true,"href":"https:\/\/www.sudoestehoje.com.br\/novoportal\/wp-json\/wp\/v2\/tags?post=87328"}],"curies":[{"name":"wp","href":"https:\/\/api.w.org\/{rel}","templated":true}]}}